





{"id":1586,"date":"2018-10-24T11:40:09","date_gmt":"2018-10-24T09:40:09","guid":{"rendered":"https:\/\/m3caravaning.com\/?p=1586"},"modified":"2021-06-15T10:53:50","modified_gmt":"2021-06-15T08:53:50","slug":"descomptes-en-autocaravanes-i-furgonetes-per-a-empreses-de-lloguer","status":"publish","type":"post","link":"https:\/\/m3caravaning.com\/ca\/caravanes\/descomptes-en-autocaravanes-i-furgonetes-per-a-empreses-de-lloguer\/","title":{"rendered":"Descomptes en autocaravanes i furgonetes per a empreses de lloguer"},"content":{"rendered":"<p>Si ets un\u00a0<strong>llogater d&#8217;autocaravanes o furgonetes camper<\/strong>\u00a0i vols adquirir un vehicle m\u00e9s a la teva flota, t&#8217;oferim uns ** descomptes especials ** que no podr\u00e0s deixar escapar.<\/p>\n<p>El lloguer d&#8217;autocaravanes i furgonetes camper \u00e9s una opci\u00f3 cada vegada m\u00e9s de moda entre els amants del caravaning.<\/p>\n<h2><strong>Preus especials en autocaravanes noves per a empreses de lloguer<\/strong><\/h2>\n<p>Nosaltres, M3 Caravaning, disposem d&#8217;<strong>autocaravanes noves amb uns grans descomptes<\/strong>\u00a0i uns preus exclusius per a interessats en comprar una autocaravana nova per llogar-la.<\/p>\n<p>Disposem d&#8217;<strong>autocaravanes perfilades<\/strong>\u00a0per a quatre o cinc persones en ruta i nit. Amb diverses distribucions disponibles: amb lliteres, amb llit en illa, amb llits bessons del darrere, llit transversal, etc. Tamb\u00e9 oferim preus exclusius en\u00a0<strong>autocaravanes caputxines<\/strong>\u00a0ideals per a grans fam\u00edlies amb distribucions de lliteres i llits caputxina, per fins a sis persones en ruta i nit. I finalment, per llogadors m\u00e9s exigents, disposem d&#8217;<strong>autocaravanes noves integrals<\/strong>\u00a0per a quatre persones amb diverses distribucions disponibles.<\/p>\n<p>Per als amants dels esports i aventures, tamb\u00e9 oferim\u00a0<strong>grans descomptes en furgonetes campers noves<\/strong>\u00a0de diverses distribucions. Furgonetes en promoci\u00f3 des de cinc a sis metres i mig, amb capacitat per a diverses persones, de dues fins a cinc places. Treballem amb campers nous de les millors marques, alemanyes i nacionals, amb distribucions per a tots els gustos.<\/p>\n<p><strong>Vine a visitar-nos i aconsegueix la millor oferta en autocaravanes i furgonetes nous!<\/strong><\/p>\n<p>[Per a m\u00e9s informaci\u00f3 sobre l&#8217;oferta en autocaravanes i furgonetes consulta amb nosaltres aqu\u00ed] (https:\/\/m3caravaning.com\/contacto\/)<\/p>\n<p>(Consulta les condicions a M3 Caravaning).<\/p>\n<img fetchpriority=\"high\" decoding=\"async\" class=\"alignnone size-medium wp-image-1583\" src=\"https:\/\/m3caravaning.com\/wp-content\/uploads\/2021\/02\/M3grandesdescuentos01-300x300.jpg\" alt=\"\" width=\"300\" height=\"300\" srcset=\"https:\/\/m3caravaning.com\/wp-content\/uploads\/2021\/02\/M3grandesdescuentos01-300x300.jpg 300w, https:\/\/m3caravaning.com\/wp-content\/uploads\/2021\/02\/M3grandesdescuentos01-100x100.jpg 100w, https:\/\/m3caravaning.com\/wp-content\/uploads\/2021\/02\/M3grandesdescuentos01.jpg 584w\" sizes=\"(max-width: 300px) 100vw, 300px\" \/>\n","protected":false},"excerpt":{"rendered":"<p>Si ets un\u00a0llogater d&#8217;autocaravanes o furgonetes camper\u00a0i vols adquirir un vehicle m\u00e9s a la teva flota, t&#8217;oferim uns ** descomptes especials ** que no podr\u00e0s deixar escapar. El lloguer d&#8217;autocaravanes i furgonetes camper \u00e9s una opci\u00f3 cada vegada m\u00e9s de moda entre els amants del caravaning. Preus especials en autocaravanes noves per a empreses de<\/p>\n","protected":false},"author":2,"featured_media":644,"comment_status":"closed","ping_status":"open","sticky":false,"template":"","format":"standard","meta":{"footnotes":""},"categories":[15,16,17,2],"tags":[],"class_list":["post-1586","post","type-post","status-publish","format-standard","has-post-thumbnail","hentry","category-autocaravanes","category-campers-ca","category-caravanes","category-sense-categoria"],"yoast_head":"<!-- This site is optimized with the Yoast SEO plugin v22.4 - https:\/\/yoast.com\/wordpress\/plugins\/seo\/ -->\n<title>Descomptes en autocaravanes i furgonetes per a empreses de lloguer - Autocaravanas, caravanas y furgonetas campers nuevas, ocasi\u00f3n y segunda mano<\/title>\n<meta name=\"description\" content=\"M3 Caravaning t&#039;ofereix tots els descomptes disponibles en autocaravanes i furgonetes per a empreses de lloguer\" \/>\n<meta name=\"robots\" content=\"index, follow, max-snippet:-1, max-image-preview:large, max-video-preview:-1\" \/>\n<link rel=\"canonical\" href=\"https:\/\/m3caravaning.com\/ca\/caravanes\/descomptes-en-autocaravanes-i-furgonetes-per-a-empreses-de-lloguer\/\" \/>\n<meta property=\"og:locale\" content=\"ca_ES\" \/>\n<meta property=\"og:type\" content=\"article\" \/>\n<meta property=\"og:title\" content=\"Descomptes en autocaravanes i furgonetes per a empreses de lloguer - Autocaravanas, caravanas y furgonetas campers nuevas, ocasi\u00f3n y segunda mano\" \/>\n<meta property=\"og:description\" content=\"M3 Caravaning t&#039;ofereix tots els descomptes disponibles en autocaravanes i furgonetes per a empreses de lloguer\" \/>\n<meta property=\"og:url\" content=\"https:\/\/m3caravaning.com\/ca\/caravanes\/descomptes-en-autocaravanes-i-furgonetes-per-a-empreses-de-lloguer\/\" \/>\n<meta property=\"og:site_name\" content=\"Autocaravanas, caravanas y furgonetas campers nuevas, ocasi\u00f3n y segunda mano\" \/>\n<meta property=\"article:publisher\" content=\"https:\/\/www.facebook.com\/m3caravaning\" \/>\n<meta property=\"article:published_time\" content=\"2018-10-24T09:40:09+00:00\" \/>\n<meta property=\"article:modified_time\" content=\"2021-06-15T08:53:50+00:00\" \/>\n<meta property=\"og:image\" content=\"https:\/\/m3caravaning.com\/wp-content\/uploads\/2021\/01\/descuentos-en-autocaravanas-y-furgonetas-para-alquiladores-id-270.jpg\" \/>\n\t<meta property=\"og:image:width\" content=\"1400\" \/>\n\t<meta property=\"og:image:height\" content=\"276\" \/>\n\t<meta property=\"og:image:type\" content=\"image\/jpeg\" \/>\n<meta name=\"author\" content=\"M3 Caravaning\" \/>\n<meta name=\"twitter:card\" content=\"summary_large_image\" \/>\n<meta name=\"twitter:creator\" content=\"@M3Caravaning\" \/>\n<meta name=\"twitter:site\" content=\"@M3Caravaning\" \/>\n<meta name=\"twitter:label1\" content=\"Written by\" \/>\n\t<meta name=\"twitter:data1\" content=\"M3 Caravaning\" \/>\n\t<meta name=\"twitter:label2\" content=\"Est. reading time\" \/>\n\t<meta name=\"twitter:data2\" content=\"2 minutes\" \/>\n<script type=\"application\/ld+json\" class=\"yoast-schema-graph\">{\"@context\":\"https:\/\/schema.org\",\"@graph\":[{\"@type\":\"WebPage\",\"@id\":\"https:\/\/m3caravaning.com\/ca\/caravanes\/descomptes-en-autocaravanes-i-furgonetes-per-a-empreses-de-lloguer\/\",\"url\":\"https:\/\/m3caravaning.com\/ca\/caravanes\/descomptes-en-autocaravanes-i-furgonetes-per-a-empreses-de-lloguer\/\",\"name\":\"Descomptes en autocaravanes i furgonetes per a empreses de lloguer - Autocaravanas, caravanas y furgonetas campers nuevas, ocasi\u00f3n y segunda mano\",\"isPartOf\":{\"@id\":\"https:\/\/m3caravaning.com\/ca\/#website\"},\"primaryImageOfPage\":{\"@id\":\"https:\/\/m3caravaning.com\/ca\/caravanes\/descomptes-en-autocaravanes-i-furgonetes-per-a-empreses-de-lloguer\/#primaryimage\"},\"image\":{\"@id\":\"https:\/\/m3caravaning.com\/ca\/caravanes\/descomptes-en-autocaravanes-i-furgonetes-per-a-empreses-de-lloguer\/#primaryimage\"},\"thumbnailUrl\":\"https:\/\/m3caravaning.com\/wp-content\/uploads\/2021\/01\/descuentos-en-autocaravanas-y-furgonetas-para-alquiladores-id-270.jpg\",\"datePublished\":\"2018-10-24T09:40:09+00:00\",\"dateModified\":\"2021-06-15T08:53:50+00:00\",\"author\":{\"@id\":\"https:\/\/m3caravaning.com\/ca\/#\/schema\/person\/10e5f1edce4be1f414d4bde1bcf0c65f\"},\"description\":\"M3 Caravaning t'ofereix tots els descomptes disponibles en autocaravanes i furgonetes per a empreses de lloguer\",\"breadcrumb\":{\"@id\":\"https:\/\/m3caravaning.com\/ca\/caravanes\/descomptes-en-autocaravanes-i-furgonetes-per-a-empreses-de-lloguer\/#breadcrumb\"},\"inLanguage\":\"ca\",\"potentialAction\":[{\"@type\":\"ReadAction\",\"target\":[\"https:\/\/m3caravaning.com\/ca\/caravanes\/descomptes-en-autocaravanes-i-furgonetes-per-a-empreses-de-lloguer\/\"]}]},{\"@type\":\"ImageObject\",\"inLanguage\":\"ca\",\"@id\":\"https:\/\/m3caravaning.com\/ca\/caravanes\/descomptes-en-autocaravanes-i-furgonetes-per-a-empreses-de-lloguer\/#primaryimage\",\"url\":\"https:\/\/m3caravaning.com\/wp-content\/uploads\/2021\/01\/descuentos-en-autocaravanas-y-furgonetas-para-alquiladores-id-270.jpg\",\"contentUrl\":\"https:\/\/m3caravaning.com\/wp-content\/uploads\/2021\/01\/descuentos-en-autocaravanas-y-furgonetas-para-alquiladores-id-270.jpg\",\"width\":1400,\"height\":276},{\"@type\":\"BreadcrumbList\",\"@id\":\"https:\/\/m3caravaning.com\/ca\/caravanes\/descomptes-en-autocaravanes-i-furgonetes-per-a-empreses-de-lloguer\/#breadcrumb\",\"itemListElement\":[{\"@type\":\"ListItem\",\"position\":1,\"name\":\"Portada\",\"item\":\"https:\/\/m3caravaning.com\/ca\/\"},{\"@type\":\"ListItem\",\"position\":2,\"name\":\"Descomptes en autocaravanes i furgonetes per a empreses de lloguer\"}]},{\"@type\":\"WebSite\",\"@id\":\"https:\/\/m3caravaning.com\/ca\/#website\",\"url\":\"https:\/\/m3caravaning.com\/ca\/\",\"name\":\"Autocaravanas, caravanas y furgonetas campers nuevas, ocasi\u00f3n y segunda mano\",\"description\":\"Tu tienda de autocaravanas, campers y caravanas nuevas y de segunda mano. Alquiler, tienda de recambios, taller, seguros, etc.\",\"potentialAction\":[{\"@type\":\"SearchAction\",\"target\":{\"@type\":\"EntryPoint\",\"urlTemplate\":\"https:\/\/m3caravaning.com\/ca\/?s={search_term_string}\"},\"query-input\":\"required name=search_term_string\"}],\"inLanguage\":\"ca\"},{\"@type\":\"Person\",\"@id\":\"https:\/\/m3caravaning.com\/ca\/#\/schema\/person\/10e5f1edce4be1f414d4bde1bcf0c65f\",\"name\":\"M3 Caravaning\",\"image\":{\"@type\":\"ImageObject\",\"inLanguage\":\"ca\",\"@id\":\"https:\/\/m3caravaning.com\/ca\/#\/schema\/person\/image\/\",\"url\":\"https:\/\/secure.gravatar.com\/avatar\/45cc9e7bfaa20654bd7626e499aa306a8db18ee338763b6b771e707ccbeef54c?s=96&d=mm&r=g\",\"contentUrl\":\"https:\/\/secure.gravatar.com\/avatar\/45cc9e7bfaa20654bd7626e499aa306a8db18ee338763b6b771e707ccbeef54c?s=96&d=mm&r=g\",\"caption\":\"M3 Caravaning\"}}]}<\/script>\n<!-- \/ Yoast SEO plugin. -->","yoast_head_json":{"title":"Descomptes en autocaravanes i furgonetes per a empreses de lloguer - Autocaravanas, caravanas y furgonetas campers nuevas, ocasi\u00f3n y segunda mano","description":"M3 Caravaning t'ofereix tots els descomptes disponibles en autocaravanes i furgonetes per a empreses de lloguer","robots":{"index":"index","follow":"follow","max-snippet":"max-snippet:-1","max-image-preview":"max-image-preview:large","max-video-preview":"max-video-preview:-1"},"canonical":"https:\/\/m3caravaning.com\/ca\/caravanes\/descomptes-en-autocaravanes-i-furgonetes-per-a-empreses-de-lloguer\/","og_locale":"ca_ES","og_type":"article","og_title":"Descomptes en autocaravanes i furgonetes per a empreses de lloguer - Autocaravanas, caravanas y furgonetas campers nuevas, ocasi\u00f3n y segunda mano","og_description":"M3 Caravaning t'ofereix tots els descomptes disponibles en autocaravanes i furgonetes per a empreses de lloguer","og_url":"https:\/\/m3caravaning.com\/ca\/caravanes\/descomptes-en-autocaravanes-i-furgonetes-per-a-empreses-de-lloguer\/","og_site_name":"Autocaravanas, caravanas y furgonetas campers nuevas, ocasi\u00f3n y segunda mano","article_publisher":"https:\/\/www.facebook.com\/m3caravaning","article_published_time":"2018-10-24T09:40:09+00:00","article_modified_time":"2021-06-15T08:53:50+00:00","og_image":[{"width":1400,"height":276,"url":"https:\/\/m3caravaning.com\/wp-content\/uploads\/2021\/01\/descuentos-en-autocaravanas-y-furgonetas-para-alquiladores-id-270.jpg","type":"image\/jpeg"}],"author":"M3 Caravaning","twitter_card":"summary_large_image","twitter_creator":"@M3Caravaning","twitter_site":"@M3Caravaning","twitter_misc":{"Written by":"M3 Caravaning","Est. reading time":"2 minutes"},"schema":{"@context":"https:\/\/schema.org","@graph":[{"@type":"WebPage","@id":"https:\/\/m3caravaning.com\/ca\/caravanes\/descomptes-en-autocaravanes-i-furgonetes-per-a-empreses-de-lloguer\/","url":"https:\/\/m3caravaning.com\/ca\/caravanes\/descomptes-en-autocaravanes-i-furgonetes-per-a-empreses-de-lloguer\/","name":"Descomptes en autocaravanes i furgonetes per a empreses de lloguer - Autocaravanas, caravanas y furgonetas campers nuevas, ocasi\u00f3n y segunda mano","isPartOf":{"@id":"https:\/\/m3caravaning.com\/ca\/#website"},"primaryImageOfPage":{"@id":"https:\/\/m3caravaning.com\/ca\/caravanes\/descomptes-en-autocaravanes-i-furgonetes-per-a-empreses-de-lloguer\/#primaryimage"},"image":{"@id":"https:\/\/m3caravaning.com\/ca\/caravanes\/descomptes-en-autocaravanes-i-furgonetes-per-a-empreses-de-lloguer\/#primaryimage"},"thumbnailUrl":"https:\/\/m3caravaning.com\/wp-content\/uploads\/2021\/01\/descuentos-en-autocaravanas-y-furgonetas-para-alquiladores-id-270.jpg","datePublished":"2018-10-24T09:40:09+00:00","dateModified":"2021-06-15T08:53:50+00:00","author":{"@id":"https:\/\/m3caravaning.com\/ca\/#\/schema\/person\/10e5f1edce4be1f414d4bde1bcf0c65f"},"description":"M3 Caravaning t'ofereix tots els descomptes disponibles en autocaravanes i furgonetes per a empreses de lloguer","breadcrumb":{"@id":"https:\/\/m3caravaning.com\/ca\/caravanes\/descomptes-en-autocaravanes-i-furgonetes-per-a-empreses-de-lloguer\/#breadcrumb"},"inLanguage":"ca","potentialAction":[{"@type":"ReadAction","target":["https:\/\/m3caravaning.com\/ca\/caravanes\/descomptes-en-autocaravanes-i-furgonetes-per-a-empreses-de-lloguer\/"]}]},{"@type":"ImageObject","inLanguage":"ca","@id":"https:\/\/m3caravaning.com\/ca\/caravanes\/descomptes-en-autocaravanes-i-furgonetes-per-a-empreses-de-lloguer\/#primaryimage","url":"https:\/\/m3caravaning.com\/wp-content\/uploads\/2021\/01\/descuentos-en-autocaravanas-y-furgonetas-para-alquiladores-id-270.jpg","contentUrl":"https:\/\/m3caravaning.com\/wp-content\/uploads\/2021\/01\/descuentos-en-autocaravanas-y-furgonetas-para-alquiladores-id-270.jpg","width":1400,"height":276},{"@type":"BreadcrumbList","@id":"https:\/\/m3caravaning.com\/ca\/caravanes\/descomptes-en-autocaravanes-i-furgonetes-per-a-empreses-de-lloguer\/#breadcrumb","itemListElement":[{"@type":"ListItem","position":1,"name":"Portada","item":"https:\/\/m3caravaning.com\/ca\/"},{"@type":"ListItem","position":2,"name":"Descomptes en autocaravanes i furgonetes per a empreses de lloguer"}]},{"@type":"WebSite","@id":"https:\/\/m3caravaning.com\/ca\/#website","url":"https:\/\/m3caravaning.com\/ca\/","name":"Autocaravanas, caravanas y furgonetas campers nuevas, ocasi\u00f3n y segunda mano","description":"Tu tienda de autocaravanas, campers y caravanas nuevas y de segunda mano. Alquiler, tienda de recambios, taller, seguros, etc.","potentialAction":[{"@type":"SearchAction","target":{"@type":"EntryPoint","urlTemplate":"https:\/\/m3caravaning.com\/ca\/?s={search_term_string}"},"query-input":"required name=search_term_string"}],"inLanguage":"ca"},{"@type":"Person","@id":"https:\/\/m3caravaning.com\/ca\/#\/schema\/person\/10e5f1edce4be1f414d4bde1bcf0c65f","name":"M3 Caravaning","image":{"@type":"ImageObject","inLanguage":"ca","@id":"https:\/\/m3caravaning.com\/ca\/#\/schema\/person\/image\/","url":"https:\/\/secure.gravatar.com\/avatar\/45cc9e7bfaa20654bd7626e499aa306a8db18ee338763b6b771e707ccbeef54c?s=96&d=mm&r=g","contentUrl":"https:\/\/secure.gravatar.com\/avatar\/45cc9e7bfaa20654bd7626e499aa306a8db18ee338763b6b771e707ccbeef54c?s=96&d=mm&r=g","caption":"M3 Caravaning"}}]}},"_links":{"self":[{"href":"https:\/\/m3caravaning.com\/ca\/wp-json\/wp\/v2\/posts\/1586","targetHints":{"allow":["GET"]}}],"collection":[{"href":"https:\/\/m3caravaning.com\/ca\/wp-json\/wp\/v2\/posts"}],"about":[{"href":"https:\/\/m3caravaning.com\/ca\/wp-json\/wp\/v2\/types\/post"}],"author":[{"embeddable":true,"href":"https:\/\/m3caravaning.com\/ca\/wp-json\/wp\/v2\/users\/2"}],"replies":[{"embeddable":true,"href":"https:\/\/m3caravaning.com\/ca\/wp-json\/wp\/v2\/comments?post=1586"}],"version-history":[{"count":0,"href":"https:\/\/m3caravaning.com\/ca\/wp-json\/wp\/v2\/posts\/1586\/revisions"}],"wp:featuredmedia":[{"embeddable":true,"href":"https:\/\/m3caravaning.com\/ca\/wp-json\/wp\/v2\/media\/644"}],"wp:attachment":[{"href":"https:\/\/m3caravaning.com\/ca\/wp-json\/wp\/v2\/media?parent=1586"}],"wp:term":[{"taxonomy":"category","embeddable":true,"href":"https:\/\/m3caravaning.com\/ca\/wp-json\/wp\/v2\/categories?post=1586"},{"taxonomy":"post_tag","embeddable":true,"href":"https:\/\/m3caravaning.com\/ca\/wp-json\/wp\/v2\/tags?post=1586"}],"curies":[{"name":"wp","href":"https:\/\/api.w.org\/{rel}","templated":true}]}}