





{"id":1536,"date":"2020-01-07T11:01:15","date_gmt":"2020-01-07T10:01:15","guid":{"rendered":"https:\/\/m3caravaning.com\/?p=1536"},"modified":"2024-05-23T12:13:15","modified_gmt":"2024-05-23T10:13:15","slug":"apertura-nuevo-taller-m3-caravaning-en-moja-barcelona","status":"publish","type":"post","link":"https:\/\/m3caravaning.com\/ca\/autocaravanes\/apertura-nuevo-taller-m3-caravaning-en-moja-barcelona\/","title":{"rendered":"Apertura nuevo taller M3 Caravaning en Moja (Barcelona)"},"content":{"rendered":"<p>Este Enero 2019, el grupo M3 Caravaning ha abierto las puertas del\u00a0<strong>nuevo taller especializado en autocaravanas, caravanas y furgonetas campers<\/strong>, que adem\u00e1s contar\u00e1 con unas instalaciones renovadas y ampliadas para albergar una gran cantidad de veh\u00edculos. Con esto, M3 Caravaning se refuerza en el servicio posventa ofreciendo para poder ofrecer el mejor servicio al cliente.<\/p>\n<h2>M3 Caravaning contin\u00faa su recorrido de \u00e9xito con la apertura de un nuevo taller en Moja, Barcelona<\/h2>\n<p>El nuevo centro de taller, est\u00e1\u00a0<strong>ubicado en Moja<\/strong>\u00a0(Barcelona)\u00a0<strong>a tan s\u00f3lo 4 km de la tienda de M3 Caravaning<\/strong>. Por lo que es de gran facilidad conducir de una tienda a la tienda, en caso de que se necesite. El taller M3 Caravaning se localiza en la Carretera de Moja Km.1 (08734 Moja), a pie de carretera sentido Moja.<\/p>\n<p><a href=\"https:\/\/www.google.com\/maps\/place\/Taller+M3+Caravaning\/@41.358258,1.7246867,15z\/data=!4m5!3m4!1s0x12a47915eb9a89dd:0x65350de45c777826!8m2!3d41.3317519!4d1.69772\">Click aqu\u00ed para abrir el enlace en google maps para llegar al Taller M3 Caravaning<\/a><\/p>\n<img decoding=\"async\" class=\"alignnone size-medium wp-image-1537\" src=\"https:\/\/m3caravaning.com\/wp-content\/uploads\/2021\/02\/TallerM3caravaningMoja01-300x99.jpg\" alt=\"\" width=\"300\" height=\"99\" \/>\n<p>El taller M3 Caravaning contar\u00e1 con\u00a0<strong>varios elevadores nuevos y numerosas estaciones de trabajo<\/strong>, y podr\u00e1 responder a una gran cantidad de trabajo, con el fin de poder dar respuesta en \u00e9pocas vacacionales concretas. Tendr\u00e1 un horario de apertura que ir\u00e1 de lunes a viernes desde las 10:00h hasta las 13:00h y desde las 15:30h a las 19:30h.<\/p>\n<p>Con esta gran inauguraci\u00f3n,\u00a0<strong>M3 Caravaning pone a su disposici\u00f3n m\u00e1s personal y un amplio cat\u00e1logo de servicios<\/strong>\u00a0para cubrir todas las necesidades del mantenimiento integral del autocaravana, caravana o furgoneta camper. Como puede ser, revisi\u00f3n del motor, de la electricidad interior o exterior, revisi\u00f3n de entanqueidad, del circuito del agua, revisi\u00f3n de la calefacci\u00f3n o boiler, revisi\u00f3n de los frenos de la caravana, del freno de inercia, sustituciones de ventanas, de ferodos, de pilotos delanteros o traseros, de oscurecedores y mosquiteras, claraboyas, grisos, etc.<\/p>\n<img decoding=\"async\" class=\"alignnone size-medium wp-image-1539\" src=\"https:\/\/m3caravaning.com\/wp-content\/uploads\/2021\/02\/TallerM3caravaningMoja02-300x99.jpg\" alt=\"\" width=\"300\" height=\"99\" \/>\n<p>Si os interesa\u00a0<strong>contactar con el nuevo taller de M3 Caravaning<\/strong>, pod\u00e9is llamar al\u00a0<strong>Tel. 93 859 86 24<\/strong>\u00a0o enviar un correo a posventa@m3caravaning.com. Tambi\u00e9n, os recordamos que en nuestra p\u00e1gina web pod\u00e9is pedir Cita Previa Online, tan s\u00f3lo rellenando un peque\u00f1o formulario,\u00a0<a href=\"https:\/\/m3caravaning.com\/ca\/taller\/\">haz click aqu\u00ed para pedir cita previa en el taller M3 Caravaning.<\/a><\/p>\n","protected":false},"excerpt":{"rendered":"<p>Este Enero 2019, el grupo M3 Caravaning ha abierto las puertas del\u00a0nuevo taller especializado en autocaravanas, caravanas y furgonetas campers, que adem\u00e1s contar\u00e1 con unas instalaciones renovadas y ampliadas para albergar una gran cantidad de veh\u00edculos. Con esto, M3 Caravaning se refuerza en el servicio posventa ofreciendo para poder ofrecer el mejor servicio al cliente.<\/p>\n","protected":false},"author":2,"featured_media":263,"comment_status":"closed","ping_status":"open","sticky":false,"template":"","format":"standard","meta":{"footnotes":""},"categories":[15,16,17],"tags":[],"class_list":["post-1536","post","type-post","status-publish","format-standard","has-post-thumbnail","hentry","category-autocaravanes","category-campers-ca","category-caravanes"],"yoast_head":"<!-- This site is optimized with the Yoast SEO plugin v22.4 - https:\/\/yoast.com\/wordpress\/plugins\/seo\/ -->\n<title>Apertura nuevo taller M3 Caravaning en Moja (Barcelona) - Autocaravanas, caravanas y furgonetas campers nuevas, ocasi\u00f3n y segunda mano<\/title>\n<meta name=\"description\" content=\"Nos encanta presentaros la gran apertura nuevo taller M3 Caravaning en Moja (Barcelona) para los amantes del caravaning\" \/>\n<meta name=\"robots\" content=\"index, follow, max-snippet:-1, max-image-preview:large, max-video-preview:-1\" \/>\n<link rel=\"canonical\" href=\"https:\/\/m3caravaning.com\/ca\/autocaravanes\/apertura-nuevo-taller-m3-caravaning-en-moja-barcelona\/\" \/>\n<meta property=\"og:locale\" content=\"ca_ES\" \/>\n<meta property=\"og:type\" content=\"article\" \/>\n<meta property=\"og:title\" content=\"Apertura nuevo taller M3 Caravaning en Moja (Barcelona) - Autocaravanas, caravanas y furgonetas campers nuevas, ocasi\u00f3n y segunda mano\" \/>\n<meta property=\"og:description\" content=\"Nos encanta presentaros la gran apertura nuevo taller M3 Caravaning en Moja (Barcelona) para los amantes del caravaning\" \/>\n<meta property=\"og:url\" content=\"https:\/\/m3caravaning.com\/ca\/autocaravanes\/apertura-nuevo-taller-m3-caravaning-en-moja-barcelona\/\" \/>\n<meta property=\"og:site_name\" content=\"Autocaravanas, caravanas y furgonetas campers nuevas, ocasi\u00f3n y segunda mano\" \/>\n<meta property=\"article:publisher\" content=\"https:\/\/www.facebook.com\/m3caravaning\" \/>\n<meta property=\"article:published_time\" content=\"2020-01-07T10:01:15+00:00\" \/>\n<meta property=\"article:modified_time\" content=\"2024-05-23T10:13:15+00:00\" \/>\n<meta property=\"og:image\" content=\"https:\/\/m3caravaning.com\/wp-content\/uploads\/2021\/01\/apertura-nuevo-taller-m3-caravaning-en-moja-barcelona-id-415.jpg\" \/>\n\t<meta property=\"og:image:width\" content=\"1920\" \/>\n\t<meta property=\"og:image:height\" content=\"968\" \/>\n\t<meta property=\"og:image:type\" content=\"image\/jpeg\" \/>\n<meta name=\"author\" content=\"M3 Caravaning\" \/>\n<meta name=\"twitter:card\" content=\"summary_large_image\" \/>\n<meta name=\"twitter:creator\" content=\"@M3Caravaning\" \/>\n<meta name=\"twitter:site\" content=\"@M3Caravaning\" \/>\n<meta name=\"twitter:label1\" content=\"Written by\" \/>\n\t<meta name=\"twitter:data1\" content=\"M3 Caravaning\" \/>\n\t<meta name=\"twitter:label2\" content=\"Est. reading time\" \/>\n\t<meta name=\"twitter:data2\" content=\"3 minutes\" \/>\n<script type=\"application\/ld+json\" class=\"yoast-schema-graph\">{\"@context\":\"https:\/\/schema.org\",\"@graph\":[{\"@type\":\"WebPage\",\"@id\":\"https:\/\/m3caravaning.com\/ca\/autocaravanes\/apertura-nuevo-taller-m3-caravaning-en-moja-barcelona\/\",\"url\":\"https:\/\/m3caravaning.com\/ca\/autocaravanes\/apertura-nuevo-taller-m3-caravaning-en-moja-barcelona\/\",\"name\":\"Apertura nuevo taller M3 Caravaning en Moja (Barcelona) - Autocaravanas, caravanas y furgonetas campers nuevas, ocasi\u00f3n y segunda mano\",\"isPartOf\":{\"@id\":\"https:\/\/m3caravaning.com\/ca\/#website\"},\"primaryImageOfPage\":{\"@id\":\"https:\/\/m3caravaning.com\/ca\/autocaravanes\/apertura-nuevo-taller-m3-caravaning-en-moja-barcelona\/#primaryimage\"},\"image\":{\"@id\":\"https:\/\/m3caravaning.com\/ca\/autocaravanes\/apertura-nuevo-taller-m3-caravaning-en-moja-barcelona\/#primaryimage\"},\"thumbnailUrl\":\"https:\/\/m3caravaning.com\/wp-content\/uploads\/2021\/01\/apertura-nuevo-taller-m3-caravaning-en-moja-barcelona-id-415.jpg\",\"datePublished\":\"2020-01-07T10:01:15+00:00\",\"dateModified\":\"2024-05-23T10:13:15+00:00\",\"author\":{\"@id\":\"https:\/\/m3caravaning.com\/ca\/#\/schema\/person\/10e5f1edce4be1f414d4bde1bcf0c65f\"},\"description\":\"Nos encanta presentaros la gran apertura nuevo taller M3 Caravaning en Moja (Barcelona) para los amantes del caravaning\",\"breadcrumb\":{\"@id\":\"https:\/\/m3caravaning.com\/ca\/autocaravanes\/apertura-nuevo-taller-m3-caravaning-en-moja-barcelona\/#breadcrumb\"},\"inLanguage\":\"ca\",\"potentialAction\":[{\"@type\":\"ReadAction\",\"target\":[\"https:\/\/m3caravaning.com\/ca\/autocaravanes\/apertura-nuevo-taller-m3-caravaning-en-moja-barcelona\/\"]}]},{\"@type\":\"ImageObject\",\"inLanguage\":\"ca\",\"@id\":\"https:\/\/m3caravaning.com\/ca\/autocaravanes\/apertura-nuevo-taller-m3-caravaning-en-moja-barcelona\/#primaryimage\",\"url\":\"https:\/\/m3caravaning.com\/wp-content\/uploads\/2021\/01\/apertura-nuevo-taller-m3-caravaning-en-moja-barcelona-id-415.jpg\",\"contentUrl\":\"https:\/\/m3caravaning.com\/wp-content\/uploads\/2021\/01\/apertura-nuevo-taller-m3-caravaning-en-moja-barcelona-id-415.jpg\",\"width\":1920,\"height\":968},{\"@type\":\"BreadcrumbList\",\"@id\":\"https:\/\/m3caravaning.com\/ca\/autocaravanes\/apertura-nuevo-taller-m3-caravaning-en-moja-barcelona\/#breadcrumb\",\"itemListElement\":[{\"@type\":\"ListItem\",\"position\":1,\"name\":\"Portada\",\"item\":\"https:\/\/m3caravaning.com\/ca\/\"},{\"@type\":\"ListItem\",\"position\":2,\"name\":\"Apertura nuevo taller M3 Caravaning en Moja (Barcelona)\"}]},{\"@type\":\"WebSite\",\"@id\":\"https:\/\/m3caravaning.com\/ca\/#website\",\"url\":\"https:\/\/m3caravaning.com\/ca\/\",\"name\":\"Autocaravanas, caravanas y furgonetas campers nuevas, ocasi\u00f3n y segunda mano\",\"description\":\"Tu tienda de autocaravanas, campers y caravanas nuevas y de segunda mano. Alquiler, tienda de recambios, taller, seguros, etc.\",\"potentialAction\":[{\"@type\":\"SearchAction\",\"target\":{\"@type\":\"EntryPoint\",\"urlTemplate\":\"https:\/\/m3caravaning.com\/ca\/?s={search_term_string}\"},\"query-input\":\"required name=search_term_string\"}],\"inLanguage\":\"ca\"},{\"@type\":\"Person\",\"@id\":\"https:\/\/m3caravaning.com\/ca\/#\/schema\/person\/10e5f1edce4be1f414d4bde1bcf0c65f\",\"name\":\"M3 Caravaning\",\"image\":{\"@type\":\"ImageObject\",\"inLanguage\":\"ca\",\"@id\":\"https:\/\/m3caravaning.com\/ca\/#\/schema\/person\/image\/\",\"url\":\"https:\/\/secure.gravatar.com\/avatar\/45cc9e7bfaa20654bd7626e499aa306a8db18ee338763b6b771e707ccbeef54c?s=96&d=mm&r=g\",\"contentUrl\":\"https:\/\/secure.gravatar.com\/avatar\/45cc9e7bfaa20654bd7626e499aa306a8db18ee338763b6b771e707ccbeef54c?s=96&d=mm&r=g\",\"caption\":\"M3 Caravaning\"}}]}<\/script>\n<!-- \/ Yoast SEO plugin. -->","yoast_head_json":{"title":"Apertura nuevo taller M3 Caravaning en Moja (Barcelona) - Autocaravanas, caravanas y furgonetas campers nuevas, ocasi\u00f3n y segunda mano","description":"Nos encanta presentaros la gran apertura nuevo taller M3 Caravaning en Moja (Barcelona) para los amantes del caravaning","robots":{"index":"index","follow":"follow","max-snippet":"max-snippet:-1","max-image-preview":"max-image-preview:large","max-video-preview":"max-video-preview:-1"},"canonical":"https:\/\/m3caravaning.com\/ca\/autocaravanes\/apertura-nuevo-taller-m3-caravaning-en-moja-barcelona\/","og_locale":"ca_ES","og_type":"article","og_title":"Apertura nuevo taller M3 Caravaning en Moja (Barcelona) - Autocaravanas, caravanas y furgonetas campers nuevas, ocasi\u00f3n y segunda mano","og_description":"Nos encanta presentaros la gran apertura nuevo taller M3 Caravaning en Moja (Barcelona) para los amantes del caravaning","og_url":"https:\/\/m3caravaning.com\/ca\/autocaravanes\/apertura-nuevo-taller-m3-caravaning-en-moja-barcelona\/","og_site_name":"Autocaravanas, caravanas y furgonetas campers nuevas, ocasi\u00f3n y segunda mano","article_publisher":"https:\/\/www.facebook.com\/m3caravaning","article_published_time":"2020-01-07T10:01:15+00:00","article_modified_time":"2024-05-23T10:13:15+00:00","og_image":[{"width":1920,"height":968,"url":"https:\/\/m3caravaning.com\/wp-content\/uploads\/2021\/01\/apertura-nuevo-taller-m3-caravaning-en-moja-barcelona-id-415.jpg","type":"image\/jpeg"}],"author":"M3 Caravaning","twitter_card":"summary_large_image","twitter_creator":"@M3Caravaning","twitter_site":"@M3Caravaning","twitter_misc":{"Written by":"M3 Caravaning","Est. reading time":"3 minutes"},"schema":{"@context":"https:\/\/schema.org","@graph":[{"@type":"WebPage","@id":"https:\/\/m3caravaning.com\/ca\/autocaravanes\/apertura-nuevo-taller-m3-caravaning-en-moja-barcelona\/","url":"https:\/\/m3caravaning.com\/ca\/autocaravanes\/apertura-nuevo-taller-m3-caravaning-en-moja-barcelona\/","name":"Apertura nuevo taller M3 Caravaning en Moja (Barcelona) - Autocaravanas, caravanas y furgonetas campers nuevas, ocasi\u00f3n y segunda mano","isPartOf":{"@id":"https:\/\/m3caravaning.com\/ca\/#website"},"primaryImageOfPage":{"@id":"https:\/\/m3caravaning.com\/ca\/autocaravanes\/apertura-nuevo-taller-m3-caravaning-en-moja-barcelona\/#primaryimage"},"image":{"@id":"https:\/\/m3caravaning.com\/ca\/autocaravanes\/apertura-nuevo-taller-m3-caravaning-en-moja-barcelona\/#primaryimage"},"thumbnailUrl":"https:\/\/m3caravaning.com\/wp-content\/uploads\/2021\/01\/apertura-nuevo-taller-m3-caravaning-en-moja-barcelona-id-415.jpg","datePublished":"2020-01-07T10:01:15+00:00","dateModified":"2024-05-23T10:13:15+00:00","author":{"@id":"https:\/\/m3caravaning.com\/ca\/#\/schema\/person\/10e5f1edce4be1f414d4bde1bcf0c65f"},"description":"Nos encanta presentaros la gran apertura nuevo taller M3 Caravaning en Moja (Barcelona) para los amantes del caravaning","breadcrumb":{"@id":"https:\/\/m3caravaning.com\/ca\/autocaravanes\/apertura-nuevo-taller-m3-caravaning-en-moja-barcelona\/#breadcrumb"},"inLanguage":"ca","potentialAction":[{"@type":"ReadAction","target":["https:\/\/m3caravaning.com\/ca\/autocaravanes\/apertura-nuevo-taller-m3-caravaning-en-moja-barcelona\/"]}]},{"@type":"ImageObject","inLanguage":"ca","@id":"https:\/\/m3caravaning.com\/ca\/autocaravanes\/apertura-nuevo-taller-m3-caravaning-en-moja-barcelona\/#primaryimage","url":"https:\/\/m3caravaning.com\/wp-content\/uploads\/2021\/01\/apertura-nuevo-taller-m3-caravaning-en-moja-barcelona-id-415.jpg","contentUrl":"https:\/\/m3caravaning.com\/wp-content\/uploads\/2021\/01\/apertura-nuevo-taller-m3-caravaning-en-moja-barcelona-id-415.jpg","width":1920,"height":968},{"@type":"BreadcrumbList","@id":"https:\/\/m3caravaning.com\/ca\/autocaravanes\/apertura-nuevo-taller-m3-caravaning-en-moja-barcelona\/#breadcrumb","itemListElement":[{"@type":"ListItem","position":1,"name":"Portada","item":"https:\/\/m3caravaning.com\/ca\/"},{"@type":"ListItem","position":2,"name":"Apertura nuevo taller M3 Caravaning en Moja (Barcelona)"}]},{"@type":"WebSite","@id":"https:\/\/m3caravaning.com\/ca\/#website","url":"https:\/\/m3caravaning.com\/ca\/","name":"Autocaravanas, caravanas y furgonetas campers nuevas, ocasi\u00f3n y segunda mano","description":"Tu tienda de autocaravanas, campers y caravanas nuevas y de segunda mano. Alquiler, tienda de recambios, taller, seguros, etc.","potentialAction":[{"@type":"SearchAction","target":{"@type":"EntryPoint","urlTemplate":"https:\/\/m3caravaning.com\/ca\/?s={search_term_string}"},"query-input":"required name=search_term_string"}],"inLanguage":"ca"},{"@type":"Person","@id":"https:\/\/m3caravaning.com\/ca\/#\/schema\/person\/10e5f1edce4be1f414d4bde1bcf0c65f","name":"M3 Caravaning","image":{"@type":"ImageObject","inLanguage":"ca","@id":"https:\/\/m3caravaning.com\/ca\/#\/schema\/person\/image\/","url":"https:\/\/secure.gravatar.com\/avatar\/45cc9e7bfaa20654bd7626e499aa306a8db18ee338763b6b771e707ccbeef54c?s=96&d=mm&r=g","contentUrl":"https:\/\/secure.gravatar.com\/avatar\/45cc9e7bfaa20654bd7626e499aa306a8db18ee338763b6b771e707ccbeef54c?s=96&d=mm&r=g","caption":"M3 Caravaning"}}]}},"_links":{"self":[{"href":"https:\/\/m3caravaning.com\/ca\/wp-json\/wp\/v2\/posts\/1536","targetHints":{"allow":["GET"]}}],"collection":[{"href":"https:\/\/m3caravaning.com\/ca\/wp-json\/wp\/v2\/posts"}],"about":[{"href":"https:\/\/m3caravaning.com\/ca\/wp-json\/wp\/v2\/types\/post"}],"author":[{"embeddable":true,"href":"https:\/\/m3caravaning.com\/ca\/wp-json\/wp\/v2\/users\/2"}],"replies":[{"embeddable":true,"href":"https:\/\/m3caravaning.com\/ca\/wp-json\/wp\/v2\/comments?post=1536"}],"version-history":[{"count":1,"href":"https:\/\/m3caravaning.com\/ca\/wp-json\/wp\/v2\/posts\/1536\/revisions"}],"predecessor-version":[{"id":619424,"href":"https:\/\/m3caravaning.com\/ca\/wp-json\/wp\/v2\/posts\/1536\/revisions\/619424"}],"wp:featuredmedia":[{"embeddable":true,"href":"https:\/\/m3caravaning.com\/ca\/wp-json\/wp\/v2\/media\/263"}],"wp:attachment":[{"href":"https:\/\/m3caravaning.com\/ca\/wp-json\/wp\/v2\/media?parent=1536"}],"wp:term":[{"taxonomy":"category","embeddable":true,"href":"https:\/\/m3caravaning.com\/ca\/wp-json\/wp\/v2\/categories?post=1536"},{"taxonomy":"post_tag","embeddable":true,"href":"https:\/\/m3caravaning.com\/ca\/wp-json\/wp\/v2\/tags?post=1536"}],"curies":[{"name":"wp","href":"https:\/\/api.w.org\/{rel}","templated":true}]}}