





{"id":1485,"date":"2017-12-22T12:44:42","date_gmt":"2017-12-22T11:44:42","guid":{"rendered":"https:\/\/m3caravaning.com\/?p=1485"},"modified":"2021-06-15T12:14:10","modified_gmt":"2021-06-15T10:14:10","slug":"bon-nadal-i-felic-any-nou-2018-a-tots-els-amants-del-caravaning","status":"publish","type":"post","link":"https:\/\/m3caravaning.com\/ca\/sense-categoria\/bon-nadal-i-felic-any-nou-2018-a-tots-els-amants-del-caravaning\/","title":{"rendered":"Bon Nadal i feli\u00e7 any nou 2018 a tots els amants del caravaning"},"content":{"rendered":"<p><strong>Tot l&#8217;equip de M3 CARAVANING us desitgem un Bon Nadal i un Feli\u00e7 any nou 2018<\/strong>\u00a0\ud83d\ude42<\/p>\n<img fetchpriority=\"high\" decoding=\"async\" class=\"alignnone size-medium wp-image-1106\" src=\"https:\/\/m3caravaning.com\/wp-content\/uploads\/2021\/01\/felizano201801.jpg\" alt=\"\" width=\"242\" height=\"300\" srcset=\"https:\/\/m3caravaning.com\/wp-content\/uploads\/2021\/01\/felizano201801.jpg 1000w, https:\/\/m3caravaning.com\/wp-content\/uploads\/2021\/01\/felizano201801-600x745.jpg 600w\" sizes=\"(max-width: 242px) 100vw, 242px\" \/>\n","protected":false},"excerpt":{"rendered":"<p>Tot l&#8217;equip de M3 CARAVANING us desitgem un Bon Nadal i un Feli\u00e7 any nou 2018\u00a0\ud83d\ude42<\/p>\n","protected":false},"author":2,"featured_media":957,"comment_status":"closed","ping_status":"open","sticky":false,"template":"","format":"standard","meta":{"footnotes":""},"categories":[2],"tags":[],"class_list":["post-1485","post","type-post","status-publish","format-standard","has-post-thumbnail","hentry","category-sense-categoria"],"yoast_head":"<!-- This site is optimized with the Yoast SEO plugin v22.4 - https:\/\/yoast.com\/wordpress\/plugins\/seo\/ -->\n<title>Bon Nadal i feli\u00e7 any nou 2018 a tots els amants del caravaning - Autocaravanas, caravanas y furgonetas campers nuevas, ocasi\u00f3n y segunda mano<\/title>\n<meta name=\"description\" content=\"Us desitjem amb totes les nostres for\u00e7es un bon Nadal i feli\u00e7 any nou 2018 a tots els amants del caravaning\" \/>\n<meta name=\"robots\" content=\"index, follow, max-snippet:-1, max-image-preview:large, max-video-preview:-1\" \/>\n<link rel=\"canonical\" href=\"https:\/\/m3caravaning.com\/ca\/sense-categoria\/bon-nadal-i-felic-any-nou-2018-a-tots-els-amants-del-caravaning\/\" \/>\n<meta property=\"og:locale\" content=\"ca_ES\" \/>\n<meta property=\"og:type\" content=\"article\" \/>\n<meta property=\"og:title\" content=\"Bon Nadal i feli\u00e7 any nou 2018 a tots els amants del caravaning - Autocaravanas, caravanas y furgonetas campers nuevas, ocasi\u00f3n y segunda mano\" \/>\n<meta property=\"og:description\" content=\"Us desitjem amb totes les nostres for\u00e7es un bon Nadal i feli\u00e7 any nou 2018 a tots els amants del caravaning\" \/>\n<meta property=\"og:url\" content=\"https:\/\/m3caravaning.com\/ca\/sense-categoria\/bon-nadal-i-felic-any-nou-2018-a-tots-els-amants-del-caravaning\/\" \/>\n<meta property=\"og:site_name\" content=\"Autocaravanas, caravanas y furgonetas campers nuevas, ocasi\u00f3n y segunda mano\" \/>\n<meta property=\"article:publisher\" content=\"https:\/\/www.facebook.com\/m3caravaning\" \/>\n<meta property=\"article:published_time\" content=\"2017-12-22T11:44:42+00:00\" \/>\n<meta property=\"article:modified_time\" content=\"2021-06-15T10:14:10+00:00\" \/>\n<meta property=\"og:image\" content=\"https:\/\/m3caravaning.com\/wp-content\/uploads\/2021\/01\/feliz-navidad-y-prospero-ano-nuevo-2018-a-todos-los-amantes-del-caravaning-id-107.jpg\" \/>\n\t<meta property=\"og:image:width\" content=\"874\" \/>\n\t<meta property=\"og:image:height\" content=\"294\" \/>\n\t<meta property=\"og:image:type\" content=\"image\/jpeg\" \/>\n<meta name=\"author\" content=\"M3 Caravaning\" \/>\n<meta name=\"twitter:card\" content=\"summary_large_image\" \/>\n<meta name=\"twitter:creator\" content=\"@M3Caravaning\" \/>\n<meta name=\"twitter:site\" content=\"@M3Caravaning\" \/>\n<meta name=\"twitter:label1\" content=\"Written by\" \/>\n\t<meta name=\"twitter:data1\" content=\"M3 Caravaning\" \/>\n\t<meta name=\"twitter:label2\" content=\"Est. reading time\" \/>\n\t<meta name=\"twitter:data2\" content=\"1 minute\" \/>\n<script type=\"application\/ld+json\" class=\"yoast-schema-graph\">{\"@context\":\"https:\/\/schema.org\",\"@graph\":[{\"@type\":\"WebPage\",\"@id\":\"https:\/\/m3caravaning.com\/ca\/sense-categoria\/bon-nadal-i-felic-any-nou-2018-a-tots-els-amants-del-caravaning\/\",\"url\":\"https:\/\/m3caravaning.com\/ca\/sense-categoria\/bon-nadal-i-felic-any-nou-2018-a-tots-els-amants-del-caravaning\/\",\"name\":\"Bon Nadal i feli\u00e7 any nou 2018 a tots els amants del caravaning - Autocaravanas, caravanas y furgonetas campers nuevas, ocasi\u00f3n y segunda mano\",\"isPartOf\":{\"@id\":\"https:\/\/m3caravaning.com\/ca\/#website\"},\"primaryImageOfPage\":{\"@id\":\"https:\/\/m3caravaning.com\/ca\/sense-categoria\/bon-nadal-i-felic-any-nou-2018-a-tots-els-amants-del-caravaning\/#primaryimage\"},\"image\":{\"@id\":\"https:\/\/m3caravaning.com\/ca\/sense-categoria\/bon-nadal-i-felic-any-nou-2018-a-tots-els-amants-del-caravaning\/#primaryimage\"},\"thumbnailUrl\":\"https:\/\/m3caravaning.com\/wp-content\/uploads\/2021\/01\/feliz-navidad-y-prospero-ano-nuevo-2018-a-todos-los-amantes-del-caravaning-id-107.jpg\",\"datePublished\":\"2017-12-22T11:44:42+00:00\",\"dateModified\":\"2021-06-15T10:14:10+00:00\",\"author\":{\"@id\":\"https:\/\/m3caravaning.com\/ca\/#\/schema\/person\/10e5f1edce4be1f414d4bde1bcf0c65f\"},\"description\":\"Us desitjem amb totes les nostres for\u00e7es un bon Nadal i feli\u00e7 any nou 2018 a tots els amants del caravaning\",\"breadcrumb\":{\"@id\":\"https:\/\/m3caravaning.com\/ca\/sense-categoria\/bon-nadal-i-felic-any-nou-2018-a-tots-els-amants-del-caravaning\/#breadcrumb\"},\"inLanguage\":\"ca\",\"potentialAction\":[{\"@type\":\"ReadAction\",\"target\":[\"https:\/\/m3caravaning.com\/ca\/sense-categoria\/bon-nadal-i-felic-any-nou-2018-a-tots-els-amants-del-caravaning\/\"]}]},{\"@type\":\"ImageObject\",\"inLanguage\":\"ca\",\"@id\":\"https:\/\/m3caravaning.com\/ca\/sense-categoria\/bon-nadal-i-felic-any-nou-2018-a-tots-els-amants-del-caravaning\/#primaryimage\",\"url\":\"https:\/\/m3caravaning.com\/wp-content\/uploads\/2021\/01\/feliz-navidad-y-prospero-ano-nuevo-2018-a-todos-los-amantes-del-caravaning-id-107.jpg\",\"contentUrl\":\"https:\/\/m3caravaning.com\/wp-content\/uploads\/2021\/01\/feliz-navidad-y-prospero-ano-nuevo-2018-a-todos-los-amantes-del-caravaning-id-107.jpg\",\"width\":874,\"height\":294},{\"@type\":\"BreadcrumbList\",\"@id\":\"https:\/\/m3caravaning.com\/ca\/sense-categoria\/bon-nadal-i-felic-any-nou-2018-a-tots-els-amants-del-caravaning\/#breadcrumb\",\"itemListElement\":[{\"@type\":\"ListItem\",\"position\":1,\"name\":\"Portada\",\"item\":\"https:\/\/m3caravaning.com\/ca\/\"},{\"@type\":\"ListItem\",\"position\":2,\"name\":\"Bon Nadal i feli\u00e7 any nou 2018 a tots els amants del caravaning\"}]},{\"@type\":\"WebSite\",\"@id\":\"https:\/\/m3caravaning.com\/ca\/#website\",\"url\":\"https:\/\/m3caravaning.com\/ca\/\",\"name\":\"Autocaravanas, caravanas y furgonetas campers nuevas, ocasi\u00f3n y segunda mano\",\"description\":\"Tu tienda de autocaravanas, campers y caravanas nuevas y de segunda mano. Alquiler, tienda de recambios, taller, seguros, etc.\",\"potentialAction\":[{\"@type\":\"SearchAction\",\"target\":{\"@type\":\"EntryPoint\",\"urlTemplate\":\"https:\/\/m3caravaning.com\/ca\/?s={search_term_string}\"},\"query-input\":\"required name=search_term_string\"}],\"inLanguage\":\"ca\"},{\"@type\":\"Person\",\"@id\":\"https:\/\/m3caravaning.com\/ca\/#\/schema\/person\/10e5f1edce4be1f414d4bde1bcf0c65f\",\"name\":\"M3 Caravaning\",\"image\":{\"@type\":\"ImageObject\",\"inLanguage\":\"ca\",\"@id\":\"https:\/\/m3caravaning.com\/ca\/#\/schema\/person\/image\/\",\"url\":\"https:\/\/secure.gravatar.com\/avatar\/45cc9e7bfaa20654bd7626e499aa306a8db18ee338763b6b771e707ccbeef54c?s=96&d=mm&r=g\",\"contentUrl\":\"https:\/\/secure.gravatar.com\/avatar\/45cc9e7bfaa20654bd7626e499aa306a8db18ee338763b6b771e707ccbeef54c?s=96&d=mm&r=g\",\"caption\":\"M3 Caravaning\"}}]}<\/script>\n<!-- \/ Yoast SEO plugin. -->","yoast_head_json":{"title":"Bon Nadal i feli\u00e7 any nou 2018 a tots els amants del caravaning - Autocaravanas, caravanas y furgonetas campers nuevas, ocasi\u00f3n y segunda mano","description":"Us desitjem amb totes les nostres for\u00e7es un bon Nadal i feli\u00e7 any nou 2018 a tots els amants del caravaning","robots":{"index":"index","follow":"follow","max-snippet":"max-snippet:-1","max-image-preview":"max-image-preview:large","max-video-preview":"max-video-preview:-1"},"canonical":"https:\/\/m3caravaning.com\/ca\/sense-categoria\/bon-nadal-i-felic-any-nou-2018-a-tots-els-amants-del-caravaning\/","og_locale":"ca_ES","og_type":"article","og_title":"Bon Nadal i feli\u00e7 any nou 2018 a tots els amants del caravaning - Autocaravanas, caravanas y furgonetas campers nuevas, ocasi\u00f3n y segunda mano","og_description":"Us desitjem amb totes les nostres for\u00e7es un bon Nadal i feli\u00e7 any nou 2018 a tots els amants del caravaning","og_url":"https:\/\/m3caravaning.com\/ca\/sense-categoria\/bon-nadal-i-felic-any-nou-2018-a-tots-els-amants-del-caravaning\/","og_site_name":"Autocaravanas, caravanas y furgonetas campers nuevas, ocasi\u00f3n y segunda mano","article_publisher":"https:\/\/www.facebook.com\/m3caravaning","article_published_time":"2017-12-22T11:44:42+00:00","article_modified_time":"2021-06-15T10:14:10+00:00","og_image":[{"width":874,"height":294,"url":"https:\/\/m3caravaning.com\/wp-content\/uploads\/2021\/01\/feliz-navidad-y-prospero-ano-nuevo-2018-a-todos-los-amantes-del-caravaning-id-107.jpg","type":"image\/jpeg"}],"author":"M3 Caravaning","twitter_card":"summary_large_image","twitter_creator":"@M3Caravaning","twitter_site":"@M3Caravaning","twitter_misc":{"Written by":"M3 Caravaning","Est. reading time":"1 minute"},"schema":{"@context":"https:\/\/schema.org","@graph":[{"@type":"WebPage","@id":"https:\/\/m3caravaning.com\/ca\/sense-categoria\/bon-nadal-i-felic-any-nou-2018-a-tots-els-amants-del-caravaning\/","url":"https:\/\/m3caravaning.com\/ca\/sense-categoria\/bon-nadal-i-felic-any-nou-2018-a-tots-els-amants-del-caravaning\/","name":"Bon Nadal i feli\u00e7 any nou 2018 a tots els amants del caravaning - Autocaravanas, caravanas y furgonetas campers nuevas, ocasi\u00f3n y segunda mano","isPartOf":{"@id":"https:\/\/m3caravaning.com\/ca\/#website"},"primaryImageOfPage":{"@id":"https:\/\/m3caravaning.com\/ca\/sense-categoria\/bon-nadal-i-felic-any-nou-2018-a-tots-els-amants-del-caravaning\/#primaryimage"},"image":{"@id":"https:\/\/m3caravaning.com\/ca\/sense-categoria\/bon-nadal-i-felic-any-nou-2018-a-tots-els-amants-del-caravaning\/#primaryimage"},"thumbnailUrl":"https:\/\/m3caravaning.com\/wp-content\/uploads\/2021\/01\/feliz-navidad-y-prospero-ano-nuevo-2018-a-todos-los-amantes-del-caravaning-id-107.jpg","datePublished":"2017-12-22T11:44:42+00:00","dateModified":"2021-06-15T10:14:10+00:00","author":{"@id":"https:\/\/m3caravaning.com\/ca\/#\/schema\/person\/10e5f1edce4be1f414d4bde1bcf0c65f"},"description":"Us desitjem amb totes les nostres for\u00e7es un bon Nadal i feli\u00e7 any nou 2018 a tots els amants del caravaning","breadcrumb":{"@id":"https:\/\/m3caravaning.com\/ca\/sense-categoria\/bon-nadal-i-felic-any-nou-2018-a-tots-els-amants-del-caravaning\/#breadcrumb"},"inLanguage":"ca","potentialAction":[{"@type":"ReadAction","target":["https:\/\/m3caravaning.com\/ca\/sense-categoria\/bon-nadal-i-felic-any-nou-2018-a-tots-els-amants-del-caravaning\/"]}]},{"@type":"ImageObject","inLanguage":"ca","@id":"https:\/\/m3caravaning.com\/ca\/sense-categoria\/bon-nadal-i-felic-any-nou-2018-a-tots-els-amants-del-caravaning\/#primaryimage","url":"https:\/\/m3caravaning.com\/wp-content\/uploads\/2021\/01\/feliz-navidad-y-prospero-ano-nuevo-2018-a-todos-los-amantes-del-caravaning-id-107.jpg","contentUrl":"https:\/\/m3caravaning.com\/wp-content\/uploads\/2021\/01\/feliz-navidad-y-prospero-ano-nuevo-2018-a-todos-los-amantes-del-caravaning-id-107.jpg","width":874,"height":294},{"@type":"BreadcrumbList","@id":"https:\/\/m3caravaning.com\/ca\/sense-categoria\/bon-nadal-i-felic-any-nou-2018-a-tots-els-amants-del-caravaning\/#breadcrumb","itemListElement":[{"@type":"ListItem","position":1,"name":"Portada","item":"https:\/\/m3caravaning.com\/ca\/"},{"@type":"ListItem","position":2,"name":"Bon Nadal i feli\u00e7 any nou 2018 a tots els amants del caravaning"}]},{"@type":"WebSite","@id":"https:\/\/m3caravaning.com\/ca\/#website","url":"https:\/\/m3caravaning.com\/ca\/","name":"Autocaravanas, caravanas y furgonetas campers nuevas, ocasi\u00f3n y segunda mano","description":"Tu tienda de autocaravanas, campers y caravanas nuevas y de segunda mano. Alquiler, tienda de recambios, taller, seguros, etc.","potentialAction":[{"@type":"SearchAction","target":{"@type":"EntryPoint","urlTemplate":"https:\/\/m3caravaning.com\/ca\/?s={search_term_string}"},"query-input":"required name=search_term_string"}],"inLanguage":"ca"},{"@type":"Person","@id":"https:\/\/m3caravaning.com\/ca\/#\/schema\/person\/10e5f1edce4be1f414d4bde1bcf0c65f","name":"M3 Caravaning","image":{"@type":"ImageObject","inLanguage":"ca","@id":"https:\/\/m3caravaning.com\/ca\/#\/schema\/person\/image\/","url":"https:\/\/secure.gravatar.com\/avatar\/45cc9e7bfaa20654bd7626e499aa306a8db18ee338763b6b771e707ccbeef54c?s=96&d=mm&r=g","contentUrl":"https:\/\/secure.gravatar.com\/avatar\/45cc9e7bfaa20654bd7626e499aa306a8db18ee338763b6b771e707ccbeef54c?s=96&d=mm&r=g","caption":"M3 Caravaning"}}]}},"_links":{"self":[{"href":"https:\/\/m3caravaning.com\/ca\/wp-json\/wp\/v2\/posts\/1485","targetHints":{"allow":["GET"]}}],"collection":[{"href":"https:\/\/m3caravaning.com\/ca\/wp-json\/wp\/v2\/posts"}],"about":[{"href":"https:\/\/m3caravaning.com\/ca\/wp-json\/wp\/v2\/types\/post"}],"author":[{"embeddable":true,"href":"https:\/\/m3caravaning.com\/ca\/wp-json\/wp\/v2\/users\/2"}],"replies":[{"embeddable":true,"href":"https:\/\/m3caravaning.com\/ca\/wp-json\/wp\/v2\/comments?post=1485"}],"version-history":[{"count":0,"href":"https:\/\/m3caravaning.com\/ca\/wp-json\/wp\/v2\/posts\/1485\/revisions"}],"wp:featuredmedia":[{"embeddable":true,"href":"https:\/\/m3caravaning.com\/ca\/wp-json\/wp\/v2\/media\/957"}],"wp:attachment":[{"href":"https:\/\/m3caravaning.com\/ca\/wp-json\/wp\/v2\/media?parent=1485"}],"wp:term":[{"taxonomy":"category","embeddable":true,"href":"https:\/\/m3caravaning.com\/ca\/wp-json\/wp\/v2\/categories?post=1485"},{"taxonomy":"post_tag","embeddable":true,"href":"https:\/\/m3caravaning.com\/ca\/wp-json\/wp\/v2\/tags?post=1485"}],"curies":[{"name":"wp","href":"https:\/\/api.w.org\/{rel}","templated":true}]}}