





{"id":1422,"date":"2019-01-12T12:54:41","date_gmt":"2019-01-12T11:54:41","guid":{"rendered":"https:\/\/m3caravaning.com\/?p=1422"},"modified":"2024-05-23T11:20:19","modified_gmt":"2024-05-23T09:20:19","slug":"circular-amb-caravana-nova-amb-neu","status":"publish","type":"post","link":"https:\/\/m3caravaning.com\/ca\/autocaravanes\/circular-amb-caravana-nova-amb-neu\/","title":{"rendered":"Circular amb caravana nova amb neu"},"content":{"rendered":"<p>Conduir amb neu sempre \u00e9s m\u00e9s complicat i m\u00e9s si afegim que condu\u00efm una\u00a0<strong>caravana, furgoneta camper o autocaravana nova a la muntanya<\/strong>. Si tens pensat viatjar a zones amb neu tingues en compte l&#8217;estat de la carretera ja que es poden arribar a establir diferents nivells depenent del grau de neu:<\/p>\n<p>\u2022 Nivell verd: s&#8217;estableix quan comen\u00e7a a nevar i indica que cal ser prudent en la conducci\u00f3. Es recomana no sobrepassar la velocitat de 100 quil\u00f2metres per hora en autopistes i autovies, i de 80 quil\u00f2metres per hora en la resta de les carreteres. El m\u00e9s recomanable \u00e9s que les\u00a0<strong>caravanes<\/strong>\u00a0circulin per sempre pel carril dret i no han d&#8217;avan\u00e7ar.<\/p>\n<p>\u2022 Nivell groc: s&#8217;estableix quan la cal\u00e7ada comen\u00e7a a cobrir-se de neu. En aquest nivell no poden circular ni camions ni vehicles articulats, \u00e9s a dir incloses les\u00a0<strong>caravanes<\/strong>. Turismes i autobusos no han de depassar els 60 quil\u00f2metres per hora.<\/p>\n<p>\u2022 Nivell vermell: circulaci\u00f3 molt dif\u00edcil nom\u00e9s usant cadenes. Com a m\u00e0xim, es recomana circular a 30 quil\u00f2metres per hora. I no poden accedir ni autobusos, ni camions, ni vehicles articulats.<\/p>\n<p>\u2022 Nivell negre: Carretera intransitable per a tots els vehicles. Immobilitzacions de vehicles en la carretera. Es a dir que no podrem circular amb la nostra\u00a0<strong>caravana, autocaravana o furgoneta camper<\/strong>.<\/p>\n<h2><strong>Precauci\u00f3 a l&#8217;hora de circular amb neu amb la teva caravana<\/strong><\/h2>\n<p>Des d&#8217;aqu\u00ed et recomanem que, si comen\u00e7a a nevar, abans que pugui convertir-se en una nevada m\u00e9s forta, busquis un lloc on poder parar, com una gasolinera o una \u00e0rea de descans, per a evitar que puguin parar-te durant hores en la carretera.<\/p>\n<p>Recorda no realitzar frenades brusques, circular a un nivell baix de revolucions i amb la marxa m\u00e9s llarga possible posada. Si et quedessis embussat en la neu, inicia la marxa el m\u00e9s suau que puguis, sense accelerar, mantenint la direcci\u00f3 directa.<\/p>\n<p>En M3\u00a0<strong>Caravaning<\/strong>\u00a0ens preocupa la teva seguretat, per aix\u00f2 a la nostra\u00a0<a href=\"https:\/\/m3caravaning.com\/ca\/accessoris\/\">botiga d&#8217;accessoris<\/a>\u00a0trobar\u00e0s tot el necessari per al teu benestar en la teva caravana nova.<\/p>\n","protected":false},"excerpt":{"rendered":"<p>Conduir amb neu sempre \u00e9s m\u00e9s complicat i m\u00e9s si afegim que condu\u00efm una\u00a0caravana, furgoneta camper o autocaravana nova a la muntanya. Si tens pensat viatjar a zones amb neu tingues en compte l&#8217;estat de la carretera ja que es poden arribar a establir diferents nivells depenent del grau de neu: \u2022 Nivell verd: s&#8217;estableix<\/p>\n","protected":false},"author":2,"featured_media":626316,"comment_status":"closed","ping_status":"open","sticky":false,"template":"","format":"standard","meta":{"footnotes":""},"categories":[15,17],"tags":[],"class_list":["post-1422","post","type-post","status-publish","format-standard","has-post-thumbnail","hentry","category-autocaravanes","category-caravanes"],"yoast_head":"<!-- This site is optimized with the Yoast SEO plugin v22.4 - https:\/\/yoast.com\/wordpress\/plugins\/seo\/ -->\n<title>Circular amb caravana nova amb neu - Autocaravanas, caravanas y furgonetas campers nuevas, ocasi\u00f3n y segunda mano<\/title>\n<meta name=\"description\" content=\"El dia d&#039;avui us ensenyarem de primera m\u00e0 com circular amb caravana nova amb neu per a tots els amants del Caravaning.\" \/>\n<meta name=\"robots\" content=\"index, follow, max-snippet:-1, max-image-preview:large, max-video-preview:-1\" \/>\n<link rel=\"canonical\" href=\"https:\/\/m3caravaning.com\/ca\/autocaravanes\/circular-amb-caravana-nova-amb-neu\/\" \/>\n<meta property=\"og:locale\" content=\"ca_ES\" \/>\n<meta property=\"og:type\" content=\"article\" \/>\n<meta property=\"og:title\" content=\"Circular amb caravana nova amb neu - Autocaravanas, caravanas y furgonetas campers nuevas, ocasi\u00f3n y segunda mano\" \/>\n<meta property=\"og:description\" content=\"El dia d&#039;avui us ensenyarem de primera m\u00e0 com circular amb caravana nova amb neu per a tots els amants del Caravaning.\" \/>\n<meta property=\"og:url\" content=\"https:\/\/m3caravaning.com\/ca\/autocaravanes\/circular-amb-caravana-nova-amb-neu\/\" \/>\n<meta property=\"og:site_name\" content=\"Autocaravanas, caravanas y furgonetas campers nuevas, ocasi\u00f3n y segunda mano\" \/>\n<meta property=\"article:publisher\" content=\"https:\/\/www.facebook.com\/m3caravaning\" \/>\n<meta property=\"article:published_time\" content=\"2019-01-12T11:54:41+00:00\" \/>\n<meta property=\"article:modified_time\" content=\"2024-05-23T09:20:19+00:00\" \/>\n<meta property=\"og:image\" content=\"https:\/\/m3caravaning.com\/wp-content\/uploads\/2021\/03\/autocaravanas-caravanas-en-nieve.webp\" \/>\n\t<meta property=\"og:image:width\" content=\"847\" \/>\n\t<meta property=\"og:image:height\" content=\"452\" \/>\n\t<meta property=\"og:image:type\" content=\"image\/webp\" \/>\n<meta name=\"author\" content=\"M3 Caravaning\" \/>\n<meta name=\"twitter:card\" content=\"summary_large_image\" \/>\n<meta name=\"twitter:creator\" content=\"@M3Caravaning\" \/>\n<meta name=\"twitter:site\" content=\"@M3Caravaning\" \/>\n<meta name=\"twitter:label1\" content=\"Written by\" \/>\n\t<meta name=\"twitter:data1\" content=\"M3 Caravaning\" \/>\n\t<meta name=\"twitter:label2\" content=\"Est. reading time\" \/>\n\t<meta name=\"twitter:data2\" content=\"2 minutes\" \/>\n<script type=\"application\/ld+json\" class=\"yoast-schema-graph\">{\"@context\":\"https:\/\/schema.org\",\"@graph\":[{\"@type\":\"WebPage\",\"@id\":\"https:\/\/m3caravaning.com\/ca\/autocaravanes\/circular-amb-caravana-nova-amb-neu\/\",\"url\":\"https:\/\/m3caravaning.com\/ca\/autocaravanes\/circular-amb-caravana-nova-amb-neu\/\",\"name\":\"Circular amb caravana nova amb neu - Autocaravanas, caravanas y furgonetas campers nuevas, ocasi\u00f3n y segunda mano\",\"isPartOf\":{\"@id\":\"https:\/\/m3caravaning.com\/ca\/#website\"},\"primaryImageOfPage\":{\"@id\":\"https:\/\/m3caravaning.com\/ca\/autocaravanes\/circular-amb-caravana-nova-amb-neu\/#primaryimage\"},\"image\":{\"@id\":\"https:\/\/m3caravaning.com\/ca\/autocaravanes\/circular-amb-caravana-nova-amb-neu\/#primaryimage\"},\"thumbnailUrl\":\"https:\/\/m3caravaning.com\/wp-content\/uploads\/2021\/03\/autocaravanas-caravanas-en-nieve.webp\",\"datePublished\":\"2019-01-12T11:54:41+00:00\",\"dateModified\":\"2024-05-23T09:20:19+00:00\",\"author\":{\"@id\":\"https:\/\/m3caravaning.com\/ca\/#\/schema\/person\/10e5f1edce4be1f414d4bde1bcf0c65f\"},\"description\":\"El dia d'avui us ensenyarem de primera m\u00e0 com circular amb caravana nova amb neu per a tots els amants del Caravaning.\",\"breadcrumb\":{\"@id\":\"https:\/\/m3caravaning.com\/ca\/autocaravanes\/circular-amb-caravana-nova-amb-neu\/#breadcrumb\"},\"inLanguage\":\"ca\",\"potentialAction\":[{\"@type\":\"ReadAction\",\"target\":[\"https:\/\/m3caravaning.com\/ca\/autocaravanes\/circular-amb-caravana-nova-amb-neu\/\"]}]},{\"@type\":\"ImageObject\",\"inLanguage\":\"ca\",\"@id\":\"https:\/\/m3caravaning.com\/ca\/autocaravanes\/circular-amb-caravana-nova-amb-neu\/#primaryimage\",\"url\":\"https:\/\/m3caravaning.com\/wp-content\/uploads\/2021\/03\/autocaravanas-caravanas-en-nieve.webp\",\"contentUrl\":\"https:\/\/m3caravaning.com\/wp-content\/uploads\/2021\/03\/autocaravanas-caravanas-en-nieve.webp\",\"width\":847,\"height\":452,\"caption\":\"Autocaravanas y caravanas en nieve\"},{\"@type\":\"BreadcrumbList\",\"@id\":\"https:\/\/m3caravaning.com\/ca\/autocaravanes\/circular-amb-caravana-nova-amb-neu\/#breadcrumb\",\"itemListElement\":[{\"@type\":\"ListItem\",\"position\":1,\"name\":\"Portada\",\"item\":\"https:\/\/m3caravaning.com\/ca\/\"},{\"@type\":\"ListItem\",\"position\":2,\"name\":\"Circular amb caravana nova amb neu\"}]},{\"@type\":\"WebSite\",\"@id\":\"https:\/\/m3caravaning.com\/ca\/#website\",\"url\":\"https:\/\/m3caravaning.com\/ca\/\",\"name\":\"Autocaravanas, caravanas y furgonetas campers nuevas, ocasi\u00f3n y segunda mano\",\"description\":\"Tu tienda de autocaravanas, campers y caravanas nuevas y de segunda mano. Alquiler, tienda de recambios, taller, seguros, etc.\",\"potentialAction\":[{\"@type\":\"SearchAction\",\"target\":{\"@type\":\"EntryPoint\",\"urlTemplate\":\"https:\/\/m3caravaning.com\/ca\/?s={search_term_string}\"},\"query-input\":\"required name=search_term_string\"}],\"inLanguage\":\"ca\"},{\"@type\":\"Person\",\"@id\":\"https:\/\/m3caravaning.com\/ca\/#\/schema\/person\/10e5f1edce4be1f414d4bde1bcf0c65f\",\"name\":\"M3 Caravaning\",\"image\":{\"@type\":\"ImageObject\",\"inLanguage\":\"ca\",\"@id\":\"https:\/\/m3caravaning.com\/ca\/#\/schema\/person\/image\/\",\"url\":\"https:\/\/secure.gravatar.com\/avatar\/45cc9e7bfaa20654bd7626e499aa306a8db18ee338763b6b771e707ccbeef54c?s=96&d=mm&r=g\",\"contentUrl\":\"https:\/\/secure.gravatar.com\/avatar\/45cc9e7bfaa20654bd7626e499aa306a8db18ee338763b6b771e707ccbeef54c?s=96&d=mm&r=g\",\"caption\":\"M3 Caravaning\"}}]}<\/script>\n<!-- \/ Yoast SEO plugin. -->","yoast_head_json":{"title":"Circular amb caravana nova amb neu - Autocaravanas, caravanas y furgonetas campers nuevas, ocasi\u00f3n y segunda mano","description":"El dia d'avui us ensenyarem de primera m\u00e0 com circular amb caravana nova amb neu per a tots els amants del Caravaning.","robots":{"index":"index","follow":"follow","max-snippet":"max-snippet:-1","max-image-preview":"max-image-preview:large","max-video-preview":"max-video-preview:-1"},"canonical":"https:\/\/m3caravaning.com\/ca\/autocaravanes\/circular-amb-caravana-nova-amb-neu\/","og_locale":"ca_ES","og_type":"article","og_title":"Circular amb caravana nova amb neu - Autocaravanas, caravanas y furgonetas campers nuevas, ocasi\u00f3n y segunda mano","og_description":"El dia d'avui us ensenyarem de primera m\u00e0 com circular amb caravana nova amb neu per a tots els amants del Caravaning.","og_url":"https:\/\/m3caravaning.com\/ca\/autocaravanes\/circular-amb-caravana-nova-amb-neu\/","og_site_name":"Autocaravanas, caravanas y furgonetas campers nuevas, ocasi\u00f3n y segunda mano","article_publisher":"https:\/\/www.facebook.com\/m3caravaning","article_published_time":"2019-01-12T11:54:41+00:00","article_modified_time":"2024-05-23T09:20:19+00:00","og_image":[{"width":847,"height":452,"url":"https:\/\/m3caravaning.com\/wp-content\/uploads\/2021\/03\/autocaravanas-caravanas-en-nieve.webp","type":"image\/webp"}],"author":"M3 Caravaning","twitter_card":"summary_large_image","twitter_creator":"@M3Caravaning","twitter_site":"@M3Caravaning","twitter_misc":{"Written by":"M3 Caravaning","Est. reading time":"2 minutes"},"schema":{"@context":"https:\/\/schema.org","@graph":[{"@type":"WebPage","@id":"https:\/\/m3caravaning.com\/ca\/autocaravanes\/circular-amb-caravana-nova-amb-neu\/","url":"https:\/\/m3caravaning.com\/ca\/autocaravanes\/circular-amb-caravana-nova-amb-neu\/","name":"Circular amb caravana nova amb neu - Autocaravanas, caravanas y furgonetas campers nuevas, ocasi\u00f3n y segunda mano","isPartOf":{"@id":"https:\/\/m3caravaning.com\/ca\/#website"},"primaryImageOfPage":{"@id":"https:\/\/m3caravaning.com\/ca\/autocaravanes\/circular-amb-caravana-nova-amb-neu\/#primaryimage"},"image":{"@id":"https:\/\/m3caravaning.com\/ca\/autocaravanes\/circular-amb-caravana-nova-amb-neu\/#primaryimage"},"thumbnailUrl":"https:\/\/m3caravaning.com\/wp-content\/uploads\/2021\/03\/autocaravanas-caravanas-en-nieve.webp","datePublished":"2019-01-12T11:54:41+00:00","dateModified":"2024-05-23T09:20:19+00:00","author":{"@id":"https:\/\/m3caravaning.com\/ca\/#\/schema\/person\/10e5f1edce4be1f414d4bde1bcf0c65f"},"description":"El dia d'avui us ensenyarem de primera m\u00e0 com circular amb caravana nova amb neu per a tots els amants del Caravaning.","breadcrumb":{"@id":"https:\/\/m3caravaning.com\/ca\/autocaravanes\/circular-amb-caravana-nova-amb-neu\/#breadcrumb"},"inLanguage":"ca","potentialAction":[{"@type":"ReadAction","target":["https:\/\/m3caravaning.com\/ca\/autocaravanes\/circular-amb-caravana-nova-amb-neu\/"]}]},{"@type":"ImageObject","inLanguage":"ca","@id":"https:\/\/m3caravaning.com\/ca\/autocaravanes\/circular-amb-caravana-nova-amb-neu\/#primaryimage","url":"https:\/\/m3caravaning.com\/wp-content\/uploads\/2021\/03\/autocaravanas-caravanas-en-nieve.webp","contentUrl":"https:\/\/m3caravaning.com\/wp-content\/uploads\/2021\/03\/autocaravanas-caravanas-en-nieve.webp","width":847,"height":452,"caption":"Autocaravanas y caravanas en nieve"},{"@type":"BreadcrumbList","@id":"https:\/\/m3caravaning.com\/ca\/autocaravanes\/circular-amb-caravana-nova-amb-neu\/#breadcrumb","itemListElement":[{"@type":"ListItem","position":1,"name":"Portada","item":"https:\/\/m3caravaning.com\/ca\/"},{"@type":"ListItem","position":2,"name":"Circular amb caravana nova amb neu"}]},{"@type":"WebSite","@id":"https:\/\/m3caravaning.com\/ca\/#website","url":"https:\/\/m3caravaning.com\/ca\/","name":"Autocaravanas, caravanas y furgonetas campers nuevas, ocasi\u00f3n y segunda mano","description":"Tu tienda de autocaravanas, campers y caravanas nuevas y de segunda mano. Alquiler, tienda de recambios, taller, seguros, etc.","potentialAction":[{"@type":"SearchAction","target":{"@type":"EntryPoint","urlTemplate":"https:\/\/m3caravaning.com\/ca\/?s={search_term_string}"},"query-input":"required name=search_term_string"}],"inLanguage":"ca"},{"@type":"Person","@id":"https:\/\/m3caravaning.com\/ca\/#\/schema\/person\/10e5f1edce4be1f414d4bde1bcf0c65f","name":"M3 Caravaning","image":{"@type":"ImageObject","inLanguage":"ca","@id":"https:\/\/m3caravaning.com\/ca\/#\/schema\/person\/image\/","url":"https:\/\/secure.gravatar.com\/avatar\/45cc9e7bfaa20654bd7626e499aa306a8db18ee338763b6b771e707ccbeef54c?s=96&d=mm&r=g","contentUrl":"https:\/\/secure.gravatar.com\/avatar\/45cc9e7bfaa20654bd7626e499aa306a8db18ee338763b6b771e707ccbeef54c?s=96&d=mm&r=g","caption":"M3 Caravaning"}}]}},"_links":{"self":[{"href":"https:\/\/m3caravaning.com\/ca\/wp-json\/wp\/v2\/posts\/1422","targetHints":{"allow":["GET"]}}],"collection":[{"href":"https:\/\/m3caravaning.com\/ca\/wp-json\/wp\/v2\/posts"}],"about":[{"href":"https:\/\/m3caravaning.com\/ca\/wp-json\/wp\/v2\/types\/post"}],"author":[{"embeddable":true,"href":"https:\/\/m3caravaning.com\/ca\/wp-json\/wp\/v2\/users\/2"}],"replies":[{"embeddable":true,"href":"https:\/\/m3caravaning.com\/ca\/wp-json\/wp\/v2\/comments?post=1422"}],"version-history":[{"count":1,"href":"https:\/\/m3caravaning.com\/ca\/wp-json\/wp\/v2\/posts\/1422\/revisions"}],"predecessor-version":[{"id":619381,"href":"https:\/\/m3caravaning.com\/ca\/wp-json\/wp\/v2\/posts\/1422\/revisions\/619381"}],"wp:featuredmedia":[{"embeddable":true,"href":"https:\/\/m3caravaning.com\/ca\/wp-json\/wp\/v2\/media\/626316"}],"wp:attachment":[{"href":"https:\/\/m3caravaning.com\/ca\/wp-json\/wp\/v2\/media?parent=1422"}],"wp:term":[{"taxonomy":"category","embeddable":true,"href":"https:\/\/m3caravaning.com\/ca\/wp-json\/wp\/v2\/categories?post=1422"},{"taxonomy":"post_tag","embeddable":true,"href":"https:\/\/m3caravaning.com\/ca\/wp-json\/wp\/v2\/tags?post=1422"}],"curies":[{"name":"wp","href":"https:\/\/api.w.org\/{rel}","templated":true}]}}