





{"id":1384,"date":"2021-01-29T11:28:33","date_gmt":"2021-01-29T10:28:33","guid":{"rendered":"https:\/\/m3caravaning.com\/?p=1384"},"modified":"2024-05-28T09:39:58","modified_gmt":"2024-05-28T07:39:58","slug":"caravanes-weinsberg-caratwo-disseny-qualitat-i-preu-tot-a-un-2","status":"publish","type":"post","link":"https:\/\/m3caravaning.com\/ca\/caravanes\/caravanes-weinsberg-caratwo-disseny-qualitat-i-preu-tot-a-un-2\/","title":{"rendered":"Caravanes Weinsberg Caratwo-disseny, qualitat i preu tot a un!"},"content":{"rendered":"<p>Si ets una persona sensible al &#8216;<strong>disseny<\/strong>, a la\u00a0<strong>modernitat<\/strong>\u00a0i est\u00e0s buscant una\u00a0<strong>caravana segura i funcional<\/strong>;\u00a0<strong>Weinsberg CARATWO ser\u00e0 el teu caravana ideal<\/strong>\u00a0per anar-te&#8217;n de vacances.<\/p>\n<p>Per a aquesta nova temporada 2018, la marca Weinsberg pertanyent al grup alemany KNAUS, ha seguit\u00a0<strong>apostant per la coneguda gamma CaraTwo<\/strong>, la quin ja ens va deixar impressionats a seu llan\u00e7ament al mercat el 2017.<\/p>\n<p>Es tracta d&#8217;una caravana nova moderna, de dissenys elegants i de colors intensos, amb\u00a0<strong>4 distribucions diferents a escollir<\/strong>, per\u00f2 totes molt equipades i amb la major segudidad a l&#8217;hora de conduir.<\/p>\n<img decoding=\"async\" class=\"alignnone size-medium wp-image-1340\" src=\"https:\/\/m3caravaning.com\/wp-content\/uploads\/2021\/01\/Caravanasweinsbergcaratwo01.jpg\" alt=\"\" width=\"300\" height=\"129\" srcset=\"https:\/\/m3caravaning.com\/wp-content\/uploads\/2021\/01\/Caravanasweinsbergcaratwo01.jpg 1440w, https:\/\/m3caravaning.com\/wp-content\/uploads\/2021\/01\/Caravanasweinsbergcaratwo01-600x258.jpg 600w\" sizes=\"(max-width: 300px) 100vw, 300px\" \/>\n<p>Amb el seu aspecte elegant i la massa redu\u00efda de c\u00e0rrega, Weinsberg es converteix en una\u00a0<strong>caravana lleugera que permet viatjar amb ella<\/strong>\u00a0a trav\u00e9s de carrers de ciutat sense necessitat de conduir un tot terreny. Per\u00f2 el m\u00e9s important, \u00e9s el que no es veu: la seva\u00a0<strong>XASS\u00cdS AL-KO amb eix antibalanceig<\/strong>, amb\u00a0<strong>amortidors hidr\u00e0ulics<\/strong>, fre servo-assistit, etc. Convietiendola en una caravana nova super segura al volant, donant al conductor i als passatgers una\u00a0<strong>seguretat m\u00e0xima en el moment de la conducci\u00f3<\/strong>.<\/p>\n<img fetchpriority=\"high\" decoding=\"async\" class=\"alignnone size-medium wp-image-1342\" src=\"https:\/\/m3caravaning.com\/wp-content\/uploads\/2021\/01\/Caravanasweinsbergcaratwo02.jpg\" alt=\"\" width=\"300\" height=\"208\" srcset=\"https:\/\/m3caravaning.com\/wp-content\/uploads\/2021\/01\/Caravanasweinsbergcaratwo02.jpg 1440w, https:\/\/m3caravaning.com\/wp-content\/uploads\/2021\/01\/Caravanasweinsbergcaratwo02-600x417.jpg 600w\" sizes=\"(max-width: 300px) 100vw, 300px\" \/>\n<p>A l&#8217;<strong>interior de les caravanes Weinsberg caratwo<\/strong>\u00a0veiem una\u00a0<strong>combinaci\u00f3 d&#8217;un disseny fresc amb una alta funcionalitat<\/strong>. Ve equipada amb\u00a0<strong>robustos armaris, il\u00b7luminaci\u00f3 LED, calefacci\u00f3 a fas Truma<\/strong>\u00a0amb aire impulsat i\u00a0<strong>panells anticondensaci\u00f3<\/strong>, cuina amb 3 fogons, aig\u00fcera, nevera amb congelador, finestres amb doble vidre, mosquitera i enfosquidor, i amb 3 tapisseries diferents: curri groc, aigua gelada o wildberry.<\/p>\n<img decoding=\"async\" class=\"alignnone size-medium wp-image-1344\" src=\"https:\/\/m3caravaning.com\/wp-content\/uploads\/2021\/01\/Caravanasweinsbergcaratwo03.jpg\" alt=\"\" width=\"300\" height=\"208\" srcset=\"https:\/\/m3caravaning.com\/wp-content\/uploads\/2021\/01\/Caravanasweinsbergcaratwo03.jpg 1440w, https:\/\/m3caravaning.com\/wp-content\/uploads\/2021\/01\/Caravanasweinsbergcaratwo03-600x417.jpg 600w\" sizes=\"(max-width: 300px) 100vw, 300px\" \/>\n<p>I no han deixat res a la improvisaci\u00f3,\u00a0<strong>tot est\u00e0 estudiat al detall<\/strong>. Al bany trobem una zona molt espaiosa, amb\u00a0<strong>dutxa incorporada<\/strong>, wc qu\u00edmic i lavabo amb cristall, molt espai d&#8217;emmagatzematge i aixetes de disseny.<\/p>\n<img loading=\"lazy\" decoding=\"async\" class=\"alignnone size-medium wp-image-1346\" src=\"https:\/\/m3caravaning.com\/wp-content\/uploads\/2021\/01\/Caravanasweinsbergcaratwo04.jpg\" alt=\"\" width=\"300\" height=\"208\" srcset=\"https:\/\/m3caravaning.com\/wp-content\/uploads\/2021\/01\/Caravanasweinsbergcaratwo04.jpg 1440w, https:\/\/m3caravaning.com\/wp-content\/uploads\/2021\/01\/Caravanasweinsbergcaratwo04-600x417.jpg 600w\" sizes=\"(max-width: 300px) 100vw, 300px\" \/>\n<p>La caravana Weinsberg caratwo est\u00e0 disponible en 4 distribucions diferents: la m\u00e9s petita CaraTwo 390 QD ideal per a parelles, amb llit fix davantera i un menjador transformable en llit doble, amb cuina i bany complet. Despr\u00e9s, trobem la CaraTwo 400 lk, ideal per a fam\u00edlies amb lliteres i menjador transformable. La Caratwo 450 FU t\u00e9 un menjador rotonda i un llit de matrimoni francesa amb bany tipus suite. I per acabar, la caravana de tres ambients CaraTwo 500 QDK t\u00e9 una distribuci\u00f3 id\u00f2nia per a fam\u00edlies, amb els seus lliteres, el seu llit fixa i un menjador transformable.<\/p>\n<p>VOLS M\u00c9S INFORMACI\u00d3 DE LES CARAVANES WEINSBERG CARATWO?\u00a0<a href=\"https:\/\/m3caravaning.com\/ca\/contacte\/\">CONTACTA AMB NOSALTRES<\/a><\/p>\n","protected":false},"excerpt":{"rendered":"<p>Si ets una persona sensible al &#8216;disseny, a la\u00a0modernitat\u00a0i est\u00e0s buscant una\u00a0caravana segura i funcional;\u00a0Weinsberg CARATWO ser\u00e0 el teu caravana ideal\u00a0per anar-te&#8217;n de vacances. Per a aquesta nova temporada 2018, la marca Weinsberg pertanyent al grup alemany KNAUS, ha seguit\u00a0apostant per la coneguda gamma CaraTwo, la quin ja ens va deixar impressionats a seu llan\u00e7ament<\/p>\n","protected":false},"author":2,"featured_media":463,"comment_status":"closed","ping_status":"open","sticky":false,"template":"","format":"standard","meta":{"footnotes":""},"categories":[17],"tags":[],"class_list":["post-1384","post","type-post","status-publish","format-standard","has-post-thumbnail","hentry","category-caravanes"],"yoast_head":"<!-- This site is optimized with the Yoast SEO plugin v22.4 - https:\/\/yoast.com\/wordpress\/plugins\/seo\/ -->\n<title>Caravanes Weinsberg Caratwo-disseny, qualitat i preu tot a un! - Autocaravanas, caravanas y furgonetas campers nuevas, ocasi\u00f3n y segunda mano<\/title>\n<meta name=\"robots\" content=\"index, follow, max-snippet:-1, max-image-preview:large, max-video-preview:-1\" \/>\n<link rel=\"canonical\" href=\"https:\/\/m3caravaning.com\/ca\/caravanes\/caravanes-weinsberg-caratwo-disseny-qualitat-i-preu-tot-a-un-2\/\" \/>\n<meta property=\"og:locale\" content=\"ca_ES\" \/>\n<meta property=\"og:type\" content=\"article\" \/>\n<meta property=\"og:title\" content=\"Caravanes Weinsberg Caratwo-disseny, qualitat i preu tot a un! - Autocaravanas, caravanas y furgonetas campers nuevas, ocasi\u00f3n y segunda mano\" \/>\n<meta property=\"og:description\" content=\"Si ets una persona sensible al &#8216;disseny, a la\u00a0modernitat\u00a0i est\u00e0s buscant una\u00a0caravana segura i funcional;\u00a0Weinsberg CARATWO ser\u00e0 el teu caravana ideal\u00a0per anar-te&#8217;n de vacances. Per a aquesta nova temporada 2018, la marca Weinsberg pertanyent al grup alemany KNAUS, ha seguit\u00a0apostant per la coneguda gamma CaraTwo, la quin ja ens va deixar impressionats a seu llan\u00e7ament\" \/>\n<meta property=\"og:url\" content=\"https:\/\/m3caravaning.com\/ca\/caravanes\/caravanes-weinsberg-caratwo-disseny-qualitat-i-preu-tot-a-un-2\/\" \/>\n<meta property=\"og:site_name\" content=\"Autocaravanas, caravanas y furgonetas campers nuevas, ocasi\u00f3n y segunda mano\" \/>\n<meta property=\"article:publisher\" content=\"https:\/\/www.facebook.com\/m3caravaning\" \/>\n<meta property=\"article:published_time\" content=\"2021-01-29T10:28:33+00:00\" \/>\n<meta property=\"article:modified_time\" content=\"2024-05-28T07:39:58+00:00\" \/>\n<meta property=\"og:image\" content=\"https:\/\/m3caravaning.com\/wp-content\/uploads\/2021\/01\/caravanas-weinsberg-caratwo-diseno-calidad-y-precio-todo-en-uno-id-92.jpg\" \/>\n\t<meta property=\"og:image:width\" content=\"1280\" \/>\n\t<meta property=\"og:image:height\" content=\"680\" \/>\n\t<meta property=\"og:image:type\" content=\"image\/jpeg\" \/>\n<meta name=\"author\" content=\"M3 Caravaning\" \/>\n<meta name=\"twitter:card\" content=\"summary_large_image\" \/>\n<meta name=\"twitter:creator\" content=\"@M3Caravaning\" \/>\n<meta name=\"twitter:site\" content=\"@M3Caravaning\" \/>\n<meta name=\"twitter:label1\" content=\"Written by\" \/>\n\t<meta name=\"twitter:data1\" content=\"M3 Caravaning\" \/>\n\t<meta name=\"twitter:label2\" content=\"Est. reading time\" \/>\n\t<meta name=\"twitter:data2\" content=\"3 minutes\" \/>\n<script type=\"application\/ld+json\" class=\"yoast-schema-graph\">{\"@context\":\"https:\/\/schema.org\",\"@graph\":[{\"@type\":\"WebPage\",\"@id\":\"https:\/\/m3caravaning.com\/ca\/caravanes\/caravanes-weinsberg-caratwo-disseny-qualitat-i-preu-tot-a-un-2\/\",\"url\":\"https:\/\/m3caravaning.com\/ca\/caravanes\/caravanes-weinsberg-caratwo-disseny-qualitat-i-preu-tot-a-un-2\/\",\"name\":\"Caravanes Weinsberg Caratwo-disseny, qualitat i preu tot a un! - Autocaravanas, caravanas y furgonetas campers nuevas, ocasi\u00f3n y segunda mano\",\"isPartOf\":{\"@id\":\"https:\/\/m3caravaning.com\/ca\/#website\"},\"primaryImageOfPage\":{\"@id\":\"https:\/\/m3caravaning.com\/ca\/caravanes\/caravanes-weinsberg-caratwo-disseny-qualitat-i-preu-tot-a-un-2\/#primaryimage\"},\"image\":{\"@id\":\"https:\/\/m3caravaning.com\/ca\/caravanes\/caravanes-weinsberg-caratwo-disseny-qualitat-i-preu-tot-a-un-2\/#primaryimage\"},\"thumbnailUrl\":\"https:\/\/m3caravaning.com\/wp-content\/uploads\/2021\/01\/caravanas-weinsberg-caratwo-diseno-calidad-y-precio-todo-en-uno-id-92.jpg\",\"datePublished\":\"2021-01-29T10:28:33+00:00\",\"dateModified\":\"2024-05-28T07:39:58+00:00\",\"author\":{\"@id\":\"https:\/\/m3caravaning.com\/ca\/#\/schema\/person\/10e5f1edce4be1f414d4bde1bcf0c65f\"},\"breadcrumb\":{\"@id\":\"https:\/\/m3caravaning.com\/ca\/caravanes\/caravanes-weinsberg-caratwo-disseny-qualitat-i-preu-tot-a-un-2\/#breadcrumb\"},\"inLanguage\":\"ca\",\"potentialAction\":[{\"@type\":\"ReadAction\",\"target\":[\"https:\/\/m3caravaning.com\/ca\/caravanes\/caravanes-weinsberg-caratwo-disseny-qualitat-i-preu-tot-a-un-2\/\"]}]},{\"@type\":\"ImageObject\",\"inLanguage\":\"ca\",\"@id\":\"https:\/\/m3caravaning.com\/ca\/caravanes\/caravanes-weinsberg-caratwo-disseny-qualitat-i-preu-tot-a-un-2\/#primaryimage\",\"url\":\"https:\/\/m3caravaning.com\/wp-content\/uploads\/2021\/01\/caravanas-weinsberg-caratwo-diseno-calidad-y-precio-todo-en-uno-id-92.jpg\",\"contentUrl\":\"https:\/\/m3caravaning.com\/wp-content\/uploads\/2021\/01\/caravanas-weinsberg-caratwo-diseno-calidad-y-precio-todo-en-uno-id-92.jpg\",\"width\":1280,\"height\":680},{\"@type\":\"BreadcrumbList\",\"@id\":\"https:\/\/m3caravaning.com\/ca\/caravanes\/caravanes-weinsberg-caratwo-disseny-qualitat-i-preu-tot-a-un-2\/#breadcrumb\",\"itemListElement\":[{\"@type\":\"ListItem\",\"position\":1,\"name\":\"Portada\",\"item\":\"https:\/\/m3caravaning.com\/ca\/\"},{\"@type\":\"ListItem\",\"position\":2,\"name\":\"Caravanes Weinsberg Caratwo-disseny, qualitat i preu tot a un!\"}]},{\"@type\":\"WebSite\",\"@id\":\"https:\/\/m3caravaning.com\/ca\/#website\",\"url\":\"https:\/\/m3caravaning.com\/ca\/\",\"name\":\"Autocaravanas, caravanas y furgonetas campers nuevas, ocasi\u00f3n y segunda mano\",\"description\":\"Tu tienda de autocaravanas, campers y caravanas nuevas y de segunda mano. Alquiler, tienda de recambios, taller, seguros, etc.\",\"potentialAction\":[{\"@type\":\"SearchAction\",\"target\":{\"@type\":\"EntryPoint\",\"urlTemplate\":\"https:\/\/m3caravaning.com\/ca\/?s={search_term_string}\"},\"query-input\":\"required name=search_term_string\"}],\"inLanguage\":\"ca\"},{\"@type\":\"Person\",\"@id\":\"https:\/\/m3caravaning.com\/ca\/#\/schema\/person\/10e5f1edce4be1f414d4bde1bcf0c65f\",\"name\":\"M3 Caravaning\",\"image\":{\"@type\":\"ImageObject\",\"inLanguage\":\"ca\",\"@id\":\"https:\/\/m3caravaning.com\/ca\/#\/schema\/person\/image\/\",\"url\":\"https:\/\/secure.gravatar.com\/avatar\/45cc9e7bfaa20654bd7626e499aa306a8db18ee338763b6b771e707ccbeef54c?s=96&d=mm&r=g\",\"contentUrl\":\"https:\/\/secure.gravatar.com\/avatar\/45cc9e7bfaa20654bd7626e499aa306a8db18ee338763b6b771e707ccbeef54c?s=96&d=mm&r=g\",\"caption\":\"M3 Caravaning\"}}]}<\/script>\n<!-- \/ Yoast SEO plugin. -->","yoast_head_json":{"title":"Caravanes Weinsberg Caratwo-disseny, qualitat i preu tot a un! - Autocaravanas, caravanas y furgonetas campers nuevas, ocasi\u00f3n y segunda mano","robots":{"index":"index","follow":"follow","max-snippet":"max-snippet:-1","max-image-preview":"max-image-preview:large","max-video-preview":"max-video-preview:-1"},"canonical":"https:\/\/m3caravaning.com\/ca\/caravanes\/caravanes-weinsberg-caratwo-disseny-qualitat-i-preu-tot-a-un-2\/","og_locale":"ca_ES","og_type":"article","og_title":"Caravanes Weinsberg Caratwo-disseny, qualitat i preu tot a un! - Autocaravanas, caravanas y furgonetas campers nuevas, ocasi\u00f3n y segunda mano","og_description":"Si ets una persona sensible al &#8216;disseny, a la\u00a0modernitat\u00a0i est\u00e0s buscant una\u00a0caravana segura i funcional;\u00a0Weinsberg CARATWO ser\u00e0 el teu caravana ideal\u00a0per anar-te&#8217;n de vacances. Per a aquesta nova temporada 2018, la marca Weinsberg pertanyent al grup alemany KNAUS, ha seguit\u00a0apostant per la coneguda gamma CaraTwo, la quin ja ens va deixar impressionats a seu llan\u00e7ament","og_url":"https:\/\/m3caravaning.com\/ca\/caravanes\/caravanes-weinsberg-caratwo-disseny-qualitat-i-preu-tot-a-un-2\/","og_site_name":"Autocaravanas, caravanas y furgonetas campers nuevas, ocasi\u00f3n y segunda mano","article_publisher":"https:\/\/www.facebook.com\/m3caravaning","article_published_time":"2021-01-29T10:28:33+00:00","article_modified_time":"2024-05-28T07:39:58+00:00","og_image":[{"width":1280,"height":680,"url":"https:\/\/m3caravaning.com\/wp-content\/uploads\/2021\/01\/caravanas-weinsberg-caratwo-diseno-calidad-y-precio-todo-en-uno-id-92.jpg","type":"image\/jpeg"}],"author":"M3 Caravaning","twitter_card":"summary_large_image","twitter_creator":"@M3Caravaning","twitter_site":"@M3Caravaning","twitter_misc":{"Written by":"M3 Caravaning","Est. reading time":"3 minutes"},"schema":{"@context":"https:\/\/schema.org","@graph":[{"@type":"WebPage","@id":"https:\/\/m3caravaning.com\/ca\/caravanes\/caravanes-weinsberg-caratwo-disseny-qualitat-i-preu-tot-a-un-2\/","url":"https:\/\/m3caravaning.com\/ca\/caravanes\/caravanes-weinsberg-caratwo-disseny-qualitat-i-preu-tot-a-un-2\/","name":"Caravanes Weinsberg Caratwo-disseny, qualitat i preu tot a un! - Autocaravanas, caravanas y furgonetas campers nuevas, ocasi\u00f3n y segunda mano","isPartOf":{"@id":"https:\/\/m3caravaning.com\/ca\/#website"},"primaryImageOfPage":{"@id":"https:\/\/m3caravaning.com\/ca\/caravanes\/caravanes-weinsberg-caratwo-disseny-qualitat-i-preu-tot-a-un-2\/#primaryimage"},"image":{"@id":"https:\/\/m3caravaning.com\/ca\/caravanes\/caravanes-weinsberg-caratwo-disseny-qualitat-i-preu-tot-a-un-2\/#primaryimage"},"thumbnailUrl":"https:\/\/m3caravaning.com\/wp-content\/uploads\/2021\/01\/caravanas-weinsberg-caratwo-diseno-calidad-y-precio-todo-en-uno-id-92.jpg","datePublished":"2021-01-29T10:28:33+00:00","dateModified":"2024-05-28T07:39:58+00:00","author":{"@id":"https:\/\/m3caravaning.com\/ca\/#\/schema\/person\/10e5f1edce4be1f414d4bde1bcf0c65f"},"breadcrumb":{"@id":"https:\/\/m3caravaning.com\/ca\/caravanes\/caravanes-weinsberg-caratwo-disseny-qualitat-i-preu-tot-a-un-2\/#breadcrumb"},"inLanguage":"ca","potentialAction":[{"@type":"ReadAction","target":["https:\/\/m3caravaning.com\/ca\/caravanes\/caravanes-weinsberg-caratwo-disseny-qualitat-i-preu-tot-a-un-2\/"]}]},{"@type":"ImageObject","inLanguage":"ca","@id":"https:\/\/m3caravaning.com\/ca\/caravanes\/caravanes-weinsberg-caratwo-disseny-qualitat-i-preu-tot-a-un-2\/#primaryimage","url":"https:\/\/m3caravaning.com\/wp-content\/uploads\/2021\/01\/caravanas-weinsberg-caratwo-diseno-calidad-y-precio-todo-en-uno-id-92.jpg","contentUrl":"https:\/\/m3caravaning.com\/wp-content\/uploads\/2021\/01\/caravanas-weinsberg-caratwo-diseno-calidad-y-precio-todo-en-uno-id-92.jpg","width":1280,"height":680},{"@type":"BreadcrumbList","@id":"https:\/\/m3caravaning.com\/ca\/caravanes\/caravanes-weinsberg-caratwo-disseny-qualitat-i-preu-tot-a-un-2\/#breadcrumb","itemListElement":[{"@type":"ListItem","position":1,"name":"Portada","item":"https:\/\/m3caravaning.com\/ca\/"},{"@type":"ListItem","position":2,"name":"Caravanes Weinsberg Caratwo-disseny, qualitat i preu tot a un!"}]},{"@type":"WebSite","@id":"https:\/\/m3caravaning.com\/ca\/#website","url":"https:\/\/m3caravaning.com\/ca\/","name":"Autocaravanas, caravanas y furgonetas campers nuevas, ocasi\u00f3n y segunda mano","description":"Tu tienda de autocaravanas, campers y caravanas nuevas y de segunda mano. Alquiler, tienda de recambios, taller, seguros, etc.","potentialAction":[{"@type":"SearchAction","target":{"@type":"EntryPoint","urlTemplate":"https:\/\/m3caravaning.com\/ca\/?s={search_term_string}"},"query-input":"required name=search_term_string"}],"inLanguage":"ca"},{"@type":"Person","@id":"https:\/\/m3caravaning.com\/ca\/#\/schema\/person\/10e5f1edce4be1f414d4bde1bcf0c65f","name":"M3 Caravaning","image":{"@type":"ImageObject","inLanguage":"ca","@id":"https:\/\/m3caravaning.com\/ca\/#\/schema\/person\/image\/","url":"https:\/\/secure.gravatar.com\/avatar\/45cc9e7bfaa20654bd7626e499aa306a8db18ee338763b6b771e707ccbeef54c?s=96&d=mm&r=g","contentUrl":"https:\/\/secure.gravatar.com\/avatar\/45cc9e7bfaa20654bd7626e499aa306a8db18ee338763b6b771e707ccbeef54c?s=96&d=mm&r=g","caption":"M3 Caravaning"}}]}},"_links":{"self":[{"href":"https:\/\/m3caravaning.com\/ca\/wp-json\/wp\/v2\/posts\/1384","targetHints":{"allow":["GET"]}}],"collection":[{"href":"https:\/\/m3caravaning.com\/ca\/wp-json\/wp\/v2\/posts"}],"about":[{"href":"https:\/\/m3caravaning.com\/ca\/wp-json\/wp\/v2\/types\/post"}],"author":[{"embeddable":true,"href":"https:\/\/m3caravaning.com\/ca\/wp-json\/wp\/v2\/users\/2"}],"replies":[{"embeddable":true,"href":"https:\/\/m3caravaning.com\/ca\/wp-json\/wp\/v2\/comments?post=1384"}],"version-history":[{"count":1,"href":"https:\/\/m3caravaning.com\/ca\/wp-json\/wp\/v2\/posts\/1384\/revisions"}],"predecessor-version":[{"id":619649,"href":"https:\/\/m3caravaning.com\/ca\/wp-json\/wp\/v2\/posts\/1384\/revisions\/619649"}],"wp:featuredmedia":[{"embeddable":true,"href":"https:\/\/m3caravaning.com\/ca\/wp-json\/wp\/v2\/media\/463"}],"wp:attachment":[{"href":"https:\/\/m3caravaning.com\/ca\/wp-json\/wp\/v2\/media?parent=1384"}],"wp:term":[{"taxonomy":"category","embeddable":true,"href":"https:\/\/m3caravaning.com\/ca\/wp-json\/wp\/v2\/categories?post=1384"},{"taxonomy":"post_tag","embeddable":true,"href":"https:\/\/m3caravaning.com\/ca\/wp-json\/wp\/v2\/tags?post=1384"}],"curies":[{"name":"wp","href":"https:\/\/api.w.org\/{rel}","templated":true}]}}