





{"id":1334,"date":"2020-02-23T11:09:13","date_gmt":"2020-02-23T10:09:13","guid":{"rendered":"https:\/\/m3caravaning.com\/?p=1334"},"modified":"2021-06-15T11:21:59","modified_gmt":"2021-06-15T09:21:59","slug":"el-penedes-en-autocaravana-pernocta-a-bodegas-de-subirats","status":"publish","type":"post","link":"https:\/\/m3caravaning.com\/ca\/autocaravanes\/el-penedes-en-autocaravana-pernocta-a-bodegas-de-subirats\/","title":{"rendered":"El Pened\u00e8s en autocaravana &#8211; Pernocta a bodegas de subirats"},"content":{"rendered":"<p>Si ets autocaravanista i t&#8217;agrada explorar nous llocs, estar\u00e0s encantat de poder rec\u00f3rrer les rutes vin\u00edcoles del Pened\u00e8s amb la possibilitat d&#8217;estacionar i pernoctar gratis en cellers de la zona.<\/p>\n<p>La Uni\u00f3 Caravanista de Catalunya va signar un conveni amb el Patronat de Turisme de Subirats (Alt Pened\u00e8s, Barcelona), gr\u00e0cies al quin diversos cellers, restaurants, caves i cases rurals de la zona obriran les seves portes als autocaravanistes.<\/p>\n<p>La iniciativa pret\u00e9n donar a con\u00e8ixer i promocionar els atractius paisatg\u00edstics, culturals i grastron\u00f3micos de la zona de Subirats. Est\u00e0 vinculada al programa &#8220;L&#8217;encant de Subirats: Rutes vin\u00edcoles de Subirats&#8221;. D&#8217;aquesta manera, es fomentar l&#8217;enoturisme oferint la possibilitat d&#8217;estacionar i pernoctar dues nits, de manera gratu\u00efta, en alguns dels cellers de la zona de Subirats.<img fetchpriority=\"high\" decoding=\"async\" class=\"alignnone wp-image-1286\" src=\"https:\/\/m3caravaning.com\/wp-content\/uploads\/2021\/01\/penedesenautocaravana01.jpg\" alt=\"\" width=\"734\" height=\"465\" srcset=\"https:\/\/m3caravaning.com\/wp-content\/uploads\/2021\/01\/penedesenautocaravana01.jpg 990w, https:\/\/m3caravaning.com\/wp-content\/uploads\/2021\/01\/penedesenautocaravana01-600x380.jpg 600w\" sizes=\"(max-width: 734px) 100vw, 734px\" \/><\/p>\n<p>serveis:<\/p>\n<ul>\n<li>Aparcament per a autocaravana (m\u00e0xim 4 autocaravanes).<\/li>\n<li>No cal trucar per reservar pla\u00e7a, si hi ha espai s&#8217;aparca en el lloc previst.<\/li>\n<li>No es pot encendre foc per evitar el risc d&#8217;incendi.<\/li>\n<li>Cal respectar la tranquil\u00b7litat de la casa i dels ve\u00efns, i si es viatja amb nens cal anar amb compte que el seu comportament sigui el correcte: les vinyes i els jardins no s\u00f3n terrenys de joc, s\u00f3n per passejar i gaudir-los.<\/li>\n<li>Si es porten animals de companyia, cal demanar perm\u00eds al propietari per deixar-los lliures.<\/li>\n<li>La senyalitzaci\u00f3 ser\u00e0 a l&#8217;entrada de la finca, amb la llegenda &#8220;L&#8217;Encant de Subirats&#8221;.<\/li>\n<\/ul>\n<p>M3 Caravaning tamb\u00e9 est\u00e0 a la llista d&#8217;establiments associats al conveni. Ofereix lloc de pernocta i m\u00e9s lloc indicat per al correcte buidatge de dip\u00f2sits bruts d&#8217;aig\u00fces. Al recinte tots els autocaravanistes podran trobar servei de taller i botiga d&#8217;accessoris i recanvis.<\/p>\n<p>Detall dels establiments que ofereixen el servei:<\/p>\n<p>** M3 Caravaning **: Ctra. N-340 km. 1214,4 08720 Vilafranca del Penedes. (Barcelona) 41 \u00b0 21 &#8217;12 &#8220;01 \u00b0 48&#8217;53&#8221;<\/p>\n<p>** Albet i Noya **: Masia Can Vendrell (Sant Pau d&#8217;Ordal) 41\u00ba23&#8217;06 &#8220;1\u00ba48&#8217;23&#8221;<\/p>\n<p>** Cava Guilera **: Ca l&#8217;Artigas (Lavern) 41\u00ba23&#8217;54 &#8220;1\u00ba46&#8217;15&#8221;<\/p>\n<p>** Eudald Massana Noya **: Maset del Lle\u00f3 (Sant Pau d&#8217;Ordal) 41\u00ba22&#8217;54 &#8220;1\u00ba46&#8217;54&#8221;<\/p>\n<p>** Castellroig **: Can Serra (Ctra. De Sant Sadurn\u00ed d&#8217;Anoia a Vilafranca, km. 1) 41\u00ba25&#8217;05 &#8220;1\u00ba46&#8217;24&#8221;<\/p>\n<p>** Sol i Vi **: Ctra. De Sant Sadurn\u00ed d&#8217;Anoia a Vilafranca del Pened\u00e8s, Km. 4 41\u00ba24&#8217;07 &#8220;1\u00ba45&#8217;26&#8221;<\/p>\n<p>** PATRONAT DE TURISME DE SUBIRATS **: http:\/\/www.turismesubirats.cat\/ Estaci\u00f3 RENFE de Lavern, s \/ n 08739 Subirats Tel. 93 899 34 99 M\u00f2bil: 670.416.160 info@turismesubirats.cat<\/p>\n","protected":false},"excerpt":{"rendered":"<p>Si ets autocaravanista i t&#8217;agrada explorar nous llocs, estar\u00e0s encantat de poder rec\u00f3rrer les rutes vin\u00edcoles del Pened\u00e8s amb la possibilitat d&#8217;estacionar i pernoctar gratis en cellers de la zona. La Uni\u00f3 Caravanista de Catalunya va signar un conveni amb el Patronat de Turisme de Subirats (Alt Pened\u00e8s, Barcelona), gr\u00e0cies al quin diversos cellers, restaurants,<\/p>\n","protected":false},"author":2,"featured_media":636848,"comment_status":"closed","ping_status":"open","sticky":false,"template":"","format":"standard","meta":{"footnotes":""},"categories":[15],"tags":[],"class_list":["post-1334","post","type-post","status-publish","format-standard","has-post-thumbnail","hentry","category-autocaravanes"],"yoast_head":"<!-- This site is optimized with the Yoast SEO plugin v22.4 - https:\/\/yoast.com\/wordpress\/plugins\/seo\/ -->\n<title>El Pened\u00e8s en autocaravana - Pernocta a bodegas de subirats - Autocaravanas, caravanas y furgonetas campers nuevas, ocasi\u00f3n y segunda mano<\/title>\n<meta name=\"description\" content=\"El Pened\u00e8s en autocaravana - Pernocta a bodegas de subirats estar\u00e0s encantat de poder rec\u00f3rrer les rutes vin\u00edcoles del Pened\u00e8s\" \/>\n<meta name=\"robots\" content=\"index, follow, max-snippet:-1, max-image-preview:large, max-video-preview:-1\" \/>\n<link rel=\"canonical\" href=\"https:\/\/m3caravaning.com\/ca\/autocaravanes\/el-penedes-en-autocaravana-pernocta-a-bodegas-de-subirats\/\" \/>\n<meta property=\"og:locale\" content=\"ca_ES\" \/>\n<meta property=\"og:type\" content=\"article\" \/>\n<meta property=\"og:title\" content=\"El Pened\u00e8s en autocaravana - Pernocta a bodegas de subirats - Autocaravanas, caravanas y furgonetas campers nuevas, ocasi\u00f3n y segunda mano\" \/>\n<meta property=\"og:description\" content=\"El Pened\u00e8s en autocaravana - Pernocta a bodegas de subirats estar\u00e0s encantat de poder rec\u00f3rrer les rutes vin\u00edcoles del Pened\u00e8s\" \/>\n<meta property=\"og:url\" content=\"https:\/\/m3caravaning.com\/ca\/autocaravanes\/el-penedes-en-autocaravana-pernocta-a-bodegas-de-subirats\/\" \/>\n<meta property=\"og:site_name\" content=\"Autocaravanas, caravanas y furgonetas campers nuevas, ocasi\u00f3n y segunda mano\" \/>\n<meta property=\"article:publisher\" content=\"https:\/\/www.facebook.com\/m3caravaning\" \/>\n<meta property=\"article:published_time\" content=\"2020-02-23T10:09:13+00:00\" \/>\n<meta property=\"article:modified_time\" content=\"2021-06-15T09:21:59+00:00\" \/>\n<meta property=\"og:image\" content=\"https:\/\/m3caravaning.com\/wp-content\/uploads\/2021\/01\/el-penedes-en-autocoravana-pernocta-en-bodegas-de-subirats-id-18.jpg\" \/>\n\t<meta property=\"og:image:width\" content=\"990\" \/>\n\t<meta property=\"og:image:height\" content=\"627\" \/>\n\t<meta property=\"og:image:type\" content=\"image\/jpeg\" \/>\n<meta name=\"author\" content=\"M3 Caravaning\" \/>\n<meta name=\"twitter:card\" content=\"summary_large_image\" \/>\n<meta name=\"twitter:creator\" content=\"@M3Caravaning\" \/>\n<meta name=\"twitter:site\" content=\"@M3Caravaning\" \/>\n<meta name=\"twitter:label1\" content=\"Written by\" \/>\n\t<meta name=\"twitter:data1\" content=\"M3 Caravaning\" \/>\n\t<meta name=\"twitter:label2\" content=\"Est. reading time\" \/>\n\t<meta name=\"twitter:data2\" content=\"2 minutes\" \/>\n<script type=\"application\/ld+json\" class=\"yoast-schema-graph\">{\"@context\":\"https:\/\/schema.org\",\"@graph\":[{\"@type\":\"WebPage\",\"@id\":\"https:\/\/m3caravaning.com\/ca\/autocaravanes\/el-penedes-en-autocaravana-pernocta-a-bodegas-de-subirats\/\",\"url\":\"https:\/\/m3caravaning.com\/ca\/autocaravanes\/el-penedes-en-autocaravana-pernocta-a-bodegas-de-subirats\/\",\"name\":\"El Pened\u00e8s en autocaravana - Pernocta a bodegas de subirats - Autocaravanas, caravanas y furgonetas campers nuevas, ocasi\u00f3n y segunda mano\",\"isPartOf\":{\"@id\":\"https:\/\/m3caravaning.com\/ca\/#website\"},\"primaryImageOfPage\":{\"@id\":\"https:\/\/m3caravaning.com\/ca\/autocaravanes\/el-penedes-en-autocaravana-pernocta-a-bodegas-de-subirats\/#primaryimage\"},\"image\":{\"@id\":\"https:\/\/m3caravaning.com\/ca\/autocaravanes\/el-penedes-en-autocaravana-pernocta-a-bodegas-de-subirats\/#primaryimage\"},\"thumbnailUrl\":\"https:\/\/m3caravaning.com\/wp-content\/uploads\/2016\/03\/penedes-en-autocaravana.webp\",\"datePublished\":\"2020-02-23T10:09:13+00:00\",\"dateModified\":\"2021-06-15T09:21:59+00:00\",\"author\":{\"@id\":\"https:\/\/m3caravaning.com\/ca\/#\/schema\/person\/10e5f1edce4be1f414d4bde1bcf0c65f\"},\"description\":\"El Pened\u00e8s en autocaravana - Pernocta a bodegas de subirats estar\u00e0s encantat de poder rec\u00f3rrer les rutes vin\u00edcoles del Pened\u00e8s\",\"breadcrumb\":{\"@id\":\"https:\/\/m3caravaning.com\/ca\/autocaravanes\/el-penedes-en-autocaravana-pernocta-a-bodegas-de-subirats\/#breadcrumb\"},\"inLanguage\":\"ca\",\"potentialAction\":[{\"@type\":\"ReadAction\",\"target\":[\"https:\/\/m3caravaning.com\/ca\/autocaravanes\/el-penedes-en-autocaravana-pernocta-a-bodegas-de-subirats\/\"]}]},{\"@type\":\"ImageObject\",\"inLanguage\":\"ca\",\"@id\":\"https:\/\/m3caravaning.com\/ca\/autocaravanes\/el-penedes-en-autocaravana-pernocta-a-bodegas-de-subirats\/#primaryimage\",\"url\":\"https:\/\/m3caravaning.com\/wp-content\/uploads\/2016\/03\/penedes-en-autocaravana.webp\",\"contentUrl\":\"https:\/\/m3caravaning.com\/wp-content\/uploads\/2016\/03\/penedes-en-autocaravana.webp\",\"width\":1200,\"height\":640,\"caption\":\"Rutas por el Pened\u00e8s en autocaravana\"},{\"@type\":\"BreadcrumbList\",\"@id\":\"https:\/\/m3caravaning.com\/ca\/autocaravanes\/el-penedes-en-autocaravana-pernocta-a-bodegas-de-subirats\/#breadcrumb\",\"itemListElement\":[{\"@type\":\"ListItem\",\"position\":1,\"name\":\"Portada\",\"item\":\"https:\/\/m3caravaning.com\/ca\/\"},{\"@type\":\"ListItem\",\"position\":2,\"name\":\"El Pened\u00e8s en autocaravana &#8211; Pernocta a bodegas de subirats\"}]},{\"@type\":\"WebSite\",\"@id\":\"https:\/\/m3caravaning.com\/ca\/#website\",\"url\":\"https:\/\/m3caravaning.com\/ca\/\",\"name\":\"Autocaravanas, caravanas y furgonetas campers nuevas, ocasi\u00f3n y segunda mano\",\"description\":\"Tu tienda de autocaravanas, campers y caravanas nuevas y de segunda mano. Alquiler, tienda de recambios, taller, seguros, etc.\",\"potentialAction\":[{\"@type\":\"SearchAction\",\"target\":{\"@type\":\"EntryPoint\",\"urlTemplate\":\"https:\/\/m3caravaning.com\/ca\/?s={search_term_string}\"},\"query-input\":\"required name=search_term_string\"}],\"inLanguage\":\"ca\"},{\"@type\":\"Person\",\"@id\":\"https:\/\/m3caravaning.com\/ca\/#\/schema\/person\/10e5f1edce4be1f414d4bde1bcf0c65f\",\"name\":\"M3 Caravaning\",\"image\":{\"@type\":\"ImageObject\",\"inLanguage\":\"ca\",\"@id\":\"https:\/\/m3caravaning.com\/ca\/#\/schema\/person\/image\/\",\"url\":\"https:\/\/secure.gravatar.com\/avatar\/45cc9e7bfaa20654bd7626e499aa306a8db18ee338763b6b771e707ccbeef54c?s=96&d=mm&r=g\",\"contentUrl\":\"https:\/\/secure.gravatar.com\/avatar\/45cc9e7bfaa20654bd7626e499aa306a8db18ee338763b6b771e707ccbeef54c?s=96&d=mm&r=g\",\"caption\":\"M3 Caravaning\"}}]}<\/script>\n<!-- \/ Yoast SEO plugin. -->","yoast_head_json":{"title":"El Pened\u00e8s en autocaravana - Pernocta a bodegas de subirats - Autocaravanas, caravanas y furgonetas campers nuevas, ocasi\u00f3n y segunda mano","description":"El Pened\u00e8s en autocaravana - Pernocta a bodegas de subirats estar\u00e0s encantat de poder rec\u00f3rrer les rutes vin\u00edcoles del Pened\u00e8s","robots":{"index":"index","follow":"follow","max-snippet":"max-snippet:-1","max-image-preview":"max-image-preview:large","max-video-preview":"max-video-preview:-1"},"canonical":"https:\/\/m3caravaning.com\/ca\/autocaravanes\/el-penedes-en-autocaravana-pernocta-a-bodegas-de-subirats\/","og_locale":"ca_ES","og_type":"article","og_title":"El Pened\u00e8s en autocaravana - Pernocta a bodegas de subirats - Autocaravanas, caravanas y furgonetas campers nuevas, ocasi\u00f3n y segunda mano","og_description":"El Pened\u00e8s en autocaravana - Pernocta a bodegas de subirats estar\u00e0s encantat de poder rec\u00f3rrer les rutes vin\u00edcoles del Pened\u00e8s","og_url":"https:\/\/m3caravaning.com\/ca\/autocaravanes\/el-penedes-en-autocaravana-pernocta-a-bodegas-de-subirats\/","og_site_name":"Autocaravanas, caravanas y furgonetas campers nuevas, ocasi\u00f3n y segunda mano","article_publisher":"https:\/\/www.facebook.com\/m3caravaning","article_published_time":"2020-02-23T10:09:13+00:00","article_modified_time":"2021-06-15T09:21:59+00:00","og_image":[{"width":990,"height":627,"url":"https:\/\/m3caravaning.com\/wp-content\/uploads\/2021\/01\/el-penedes-en-autocoravana-pernocta-en-bodegas-de-subirats-id-18.jpg","type":"image\/jpeg"}],"author":"M3 Caravaning","twitter_card":"summary_large_image","twitter_creator":"@M3Caravaning","twitter_site":"@M3Caravaning","twitter_misc":{"Written by":"M3 Caravaning","Est. reading time":"2 minutes"},"schema":{"@context":"https:\/\/schema.org","@graph":[{"@type":"WebPage","@id":"https:\/\/m3caravaning.com\/ca\/autocaravanes\/el-penedes-en-autocaravana-pernocta-a-bodegas-de-subirats\/","url":"https:\/\/m3caravaning.com\/ca\/autocaravanes\/el-penedes-en-autocaravana-pernocta-a-bodegas-de-subirats\/","name":"El Pened\u00e8s en autocaravana - Pernocta a bodegas de subirats - Autocaravanas, caravanas y furgonetas campers nuevas, ocasi\u00f3n y segunda mano","isPartOf":{"@id":"https:\/\/m3caravaning.com\/ca\/#website"},"primaryImageOfPage":{"@id":"https:\/\/m3caravaning.com\/ca\/autocaravanes\/el-penedes-en-autocaravana-pernocta-a-bodegas-de-subirats\/#primaryimage"},"image":{"@id":"https:\/\/m3caravaning.com\/ca\/autocaravanes\/el-penedes-en-autocaravana-pernocta-a-bodegas-de-subirats\/#primaryimage"},"thumbnailUrl":"https:\/\/m3caravaning.com\/wp-content\/uploads\/2016\/03\/penedes-en-autocaravana.webp","datePublished":"2020-02-23T10:09:13+00:00","dateModified":"2021-06-15T09:21:59+00:00","author":{"@id":"https:\/\/m3caravaning.com\/ca\/#\/schema\/person\/10e5f1edce4be1f414d4bde1bcf0c65f"},"description":"El Pened\u00e8s en autocaravana - Pernocta a bodegas de subirats estar\u00e0s encantat de poder rec\u00f3rrer les rutes vin\u00edcoles del Pened\u00e8s","breadcrumb":{"@id":"https:\/\/m3caravaning.com\/ca\/autocaravanes\/el-penedes-en-autocaravana-pernocta-a-bodegas-de-subirats\/#breadcrumb"},"inLanguage":"ca","potentialAction":[{"@type":"ReadAction","target":["https:\/\/m3caravaning.com\/ca\/autocaravanes\/el-penedes-en-autocaravana-pernocta-a-bodegas-de-subirats\/"]}]},{"@type":"ImageObject","inLanguage":"ca","@id":"https:\/\/m3caravaning.com\/ca\/autocaravanes\/el-penedes-en-autocaravana-pernocta-a-bodegas-de-subirats\/#primaryimage","url":"https:\/\/m3caravaning.com\/wp-content\/uploads\/2016\/03\/penedes-en-autocaravana.webp","contentUrl":"https:\/\/m3caravaning.com\/wp-content\/uploads\/2016\/03\/penedes-en-autocaravana.webp","width":1200,"height":640,"caption":"Rutas por el Pened\u00e8s en autocaravana"},{"@type":"BreadcrumbList","@id":"https:\/\/m3caravaning.com\/ca\/autocaravanes\/el-penedes-en-autocaravana-pernocta-a-bodegas-de-subirats\/#breadcrumb","itemListElement":[{"@type":"ListItem","position":1,"name":"Portada","item":"https:\/\/m3caravaning.com\/ca\/"},{"@type":"ListItem","position":2,"name":"El Pened\u00e8s en autocaravana &#8211; Pernocta a bodegas de subirats"}]},{"@type":"WebSite","@id":"https:\/\/m3caravaning.com\/ca\/#website","url":"https:\/\/m3caravaning.com\/ca\/","name":"Autocaravanas, caravanas y furgonetas campers nuevas, ocasi\u00f3n y segunda mano","description":"Tu tienda de autocaravanas, campers y caravanas nuevas y de segunda mano. Alquiler, tienda de recambios, taller, seguros, etc.","potentialAction":[{"@type":"SearchAction","target":{"@type":"EntryPoint","urlTemplate":"https:\/\/m3caravaning.com\/ca\/?s={search_term_string}"},"query-input":"required name=search_term_string"}],"inLanguage":"ca"},{"@type":"Person","@id":"https:\/\/m3caravaning.com\/ca\/#\/schema\/person\/10e5f1edce4be1f414d4bde1bcf0c65f","name":"M3 Caravaning","image":{"@type":"ImageObject","inLanguage":"ca","@id":"https:\/\/m3caravaning.com\/ca\/#\/schema\/person\/image\/","url":"https:\/\/secure.gravatar.com\/avatar\/45cc9e7bfaa20654bd7626e499aa306a8db18ee338763b6b771e707ccbeef54c?s=96&d=mm&r=g","contentUrl":"https:\/\/secure.gravatar.com\/avatar\/45cc9e7bfaa20654bd7626e499aa306a8db18ee338763b6b771e707ccbeef54c?s=96&d=mm&r=g","caption":"M3 Caravaning"}}]}},"_links":{"self":[{"href":"https:\/\/m3caravaning.com\/ca\/wp-json\/wp\/v2\/posts\/1334","targetHints":{"allow":["GET"]}}],"collection":[{"href":"https:\/\/m3caravaning.com\/ca\/wp-json\/wp\/v2\/posts"}],"about":[{"href":"https:\/\/m3caravaning.com\/ca\/wp-json\/wp\/v2\/types\/post"}],"author":[{"embeddable":true,"href":"https:\/\/m3caravaning.com\/ca\/wp-json\/wp\/v2\/users\/2"}],"replies":[{"embeddable":true,"href":"https:\/\/m3caravaning.com\/ca\/wp-json\/wp\/v2\/comments?post=1334"}],"version-history":[{"count":0,"href":"https:\/\/m3caravaning.com\/ca\/wp-json\/wp\/v2\/posts\/1334\/revisions"}],"wp:featuredmedia":[{"embeddable":true,"href":"https:\/\/m3caravaning.com\/ca\/wp-json\/wp\/v2\/media\/636848"}],"wp:attachment":[{"href":"https:\/\/m3caravaning.com\/ca\/wp-json\/wp\/v2\/media?parent=1334"}],"wp:term":[{"taxonomy":"category","embeddable":true,"href":"https:\/\/m3caravaning.com\/ca\/wp-json\/wp\/v2\/categories?post=1334"},{"taxonomy":"post_tag","embeddable":true,"href":"https:\/\/m3caravaning.com\/ca\/wp-json\/wp\/v2\/tags?post=1334"}],"curies":[{"name":"wp","href":"https:\/\/api.w.org\/{rel}","templated":true}]}}