





{"id":1195,"date":"2019-10-30T10:25:26","date_gmt":"2019-10-30T09:25:26","guid":{"rendered":"https:\/\/m3caravaning.com\/?p=1195"},"modified":"2023-12-20T10:24:36","modified_gmt":"2023-12-20T09:24:36","slug":"viatja-en-caravana-o-en-autocaravana-amb-nens-de-la-millor-forma","status":"publish","type":"post","link":"https:\/\/m3caravaning.com\/ca\/campers-ca\/viatja-en-caravana-o-en-autocaravana-amb-nens-de-la-millor-forma\/","title":{"rendered":"Viatja en caravana o en autocaravana amb nens de la millor forma"},"content":{"rendered":"<p>Ja queda poc per a les **vacances, i potser, com cada any, t&#8217;est\u00e0s plantejant fer un *<em>viatge en autocaravana amb la teva fam\u00edlia<\/em>. Les complicacions sorgeixen quan es planteja l&#8217;on i el com anar amb els nens (aquest lloc no perqu\u00e8 s&#8217;avorriran, aqu\u00ed no perqu\u00e8 no el veig segur&#8230;). Com hem explicat diverses vegades, un viatge en aquests tipus de vehicles et permet convertir la pr\u00f2pia experi\u00e8ncia d&#8217;un\u00a0<strong>viatge en una gran aventura per als petits<\/strong>\u00a0m\u00e9s volguts de la casa.<\/p>\n<p>Malgrat tot aix\u00f2 cal preveure, com en qualsevol viatge que es realitza amb la fam\u00edlia, totes les caracter\u00edstiques i peculiaritats que t\u00e9, tant la caravana o autocaravana, com l&#8217;itinerari que se seguir\u00e0.<\/p>\n<p>Per a facilitar-vos aquesta tasca, us hem recollit un assortiment de\u00a0<strong>claus essencials per a un viatge amb nens en aquestes furgonetes<\/strong>.<\/p>\n<div id=\"ez-toc-container\" class=\"ez-toc-v2_0_82_2 counter-hierarchy ez-toc-counter ez-toc-custom ez-toc-container-direction\">\n<div class=\"ez-toc-title-container\">\n<p class=\"ez-toc-title ez-toc-toggle\" style=\"cursor:pointer\">Tabla de contenido<\/p>\n<span class=\"ez-toc-title-toggle\"><\/span><\/div>\n<nav><ul class='ez-toc-list ez-toc-list-level-1 ' ><li class='ez-toc-page-1 ez-toc-heading-level-2'><a class=\"ez-toc-link ez-toc-heading-1\" href=\"https:\/\/m3caravaning.com\/ca\/campers-ca\/viatja-en-caravana-o-en-autocaravana-amb-nens-de-la-millor-forma\/#En_el_caravaning_amb_nens_la_simplicitat_es_essencial\" >En el caravaning amb nens, la simplicitat \u00e9s essencial<\/a><\/li><li class='ez-toc-page-1 ez-toc-heading-level-2'><a class=\"ez-toc-link ez-toc-heading-2\" href=\"https:\/\/m3caravaning.com\/ca\/campers-ca\/viatja-en-caravana-o-en-autocaravana-amb-nens-de-la-millor-forma\/#En_optar_per_un_viatge_amb_aquesta_mena_de_furgonetes_comprova_que_tinguin_cuina\" >En optar per un viatge amb aquesta mena de furgonetes, comprova que tinguin cuina<\/a><\/li><li class='ez-toc-page-1 ez-toc-heading-level-2'><a class=\"ez-toc-link ez-toc-heading-3\" href=\"https:\/\/m3caravaning.com\/ca\/campers-ca\/viatja-en-caravana-o-en-autocaravana-amb-nens-de-la-millor-forma\/#Furgonetes_Camperizadas_una_bona_opcio_per_a_moures_segur_per_la_carretera\" >Furgonetes Camperizadas, una bona opci\u00f3 per a moure&#8217;s segur per la carretera<\/a><\/li><li class='ez-toc-page-1 ez-toc-heading-level-2'><a class=\"ez-toc-link ez-toc-heading-4\" href=\"https:\/\/m3caravaning.com\/ca\/campers-ca\/viatja-en-caravana-o-en-autocaravana-amb-nens-de-la-millor-forma\/#Moments_de_diversio_per_als_nens\" >Moments de diversi\u00f3 per als nens<\/a><\/li><li class='ez-toc-page-1 ez-toc-heading-level-2'><a class=\"ez-toc-link ez-toc-heading-5\" href=\"https:\/\/m3caravaning.com\/ca\/campers-ca\/viatja-en-caravana-o-en-autocaravana-amb-nens-de-la-millor-forma\/#Furgonetes_Camper_Autocaravanes_Caravanes%E2%80%A6_Com_triar\" >Furgonetes Camper, Autocaravanes, Caravanes&#8230; Com triar?<\/a><\/li><li class='ez-toc-page-1 ez-toc-heading-level-2'><a class=\"ez-toc-link ez-toc-heading-6\" href=\"https:\/\/m3caravaning.com\/ca\/campers-ca\/viatja-en-caravana-o-en-autocaravana-amb-nens-de-la-millor-forma\/#Tria_la_millor_destinacio\" >Tria la millor destinaci\u00f3<\/a><\/li><\/ul><\/nav><\/div>\n<h2><span class=\"ez-toc-section\" id=\"En_el_caravaning_amb_nens_la_simplicitat_es_essencial\"><\/span>En el caravaning amb nens, la simplicitat \u00e9s essencial<span class=\"ez-toc-section-end\"><\/span><\/h2>\n<p>Normalment optar\u00edem per triar caravanes o\u00a0autocaravanes \u00a0amb els majors i millors accessoris possibles dins del preu que es busca, per a aix\u00ed augmentar les opcions de les quals es disposa, no obstant aix\u00f2, <strong>quan es viatja amb nens cal decantar-se per una via m\u00e9s minimalista<\/strong>, sempre tenint en compte del tipus que \u00e9s la furgoneta i de l&#8217;espai que disposa, per a\u00a0<strong>permetre que els m\u00e9s petits connectin d&#8217;una millor forma amb els est\u00edmuls que li proporciona l&#8217;entorn<\/strong>\u00a0pel qual es mouen durant el viatge. Per a aix\u00f2 \u00e9s important equipar-se \u00fanicament amb el necessari i permetre que hi hagi una connexi\u00f3 amb la naturalesa. Cal tenir previst, tamb\u00e9, que s&#8217;embrutaran amb m\u00e9s freq\u00fc\u00e8ncia, aix\u00ed que\u00a0<strong>conv\u00e9 portar roba, recanvis i, sobretot, corprens d&#8217;abric<\/strong>.<\/p>\n<h2><span class=\"ez-toc-section\" id=\"En_optar_per_un_viatge_amb_aquesta_mena_de_furgonetes_comprova_que_tinguin_cuina\"><\/span>En optar per un viatge amb aquesta mena de furgonetes, comprova que tinguin cuina<span class=\"ez-toc-section-end\"><\/span><\/h2>\n<p>Una de les coses a tenir en compte en aquesta mena de rutes, i m\u00e9s si es tracta d&#8217;una amb nens, \u00e9s com\u00a0<strong>gestionar els menjars (el quin, el com, el quan&#8230;)<\/strong>; \u00e9s per aix\u00f2 que \u00e9s oport\u00fa elaborar un petit planning on s&#8217;organitzin els menjars.\u00a0<strong>La\u00a0cuina d&#8217;una autocaravana no deixa de ser de grand\u00e0ria redu\u00efda<\/strong>, aix\u00ed que per a treure-li el major partit \u00e9s convenient fer \u00fas de receptes de\u00a0<strong>menjar r\u00e0pides i saludables<\/strong>\u00a0que no requereixin d&#8217;una complexa elaboraci\u00f3, com per exemple les famoses amanides de pasta, o arrossos amb verdures&#8230; Altres opcions que tenim a la nostra disposici\u00f3 \u00e9s l&#8217;\u00fas dels coneguts Tuppers o carmanyoles i sense cap dubte, si es pot permetre,\u00a0<strong>gaudir de la gastronomia del lloc<\/strong>\u00a0que s&#8217;estigui recorrent.<\/p>\n<h2><span class=\"ez-toc-section\" id=\"Furgonetes_Camperizadas_una_bona_opcio_per_a_moures_segur_per_la_carretera\"><\/span>Furgonetes Camperizadas, una bona opci\u00f3 per a moure&#8217;s segur per la carretera<span class=\"ez-toc-section-end\"><\/span><\/h2>\n<p>En viatjar amb nens pot succeir que es compliquin les\u00a0<strong>mesures de seguretat<\/strong>, \u00e9s per aix\u00f2 que s&#8217;ha de disposar de\u00a0<strong>dispositius de seguretat adaptats i homologats per a l&#8217;edat i envergadura<\/strong>\u00a0que tenen (sellons, alzadores,&#8230;). De la mateixa manera, els adults hem de tenir sempre present les mesures que cal prendre en la carretera i\u00a0<strong>con\u00e8ixer les que s\u00f3n espec\u00edfiques de cada autocaravana<\/strong>.<\/p>\n<h2><span class=\"ez-toc-section\" id=\"Moments_de_diversio_per_als_nens\"><\/span>Moments de diversi\u00f3 per als nens<span class=\"ez-toc-section-end\"><\/span><\/h2>\n<p>El fet de \u201cconduir la teva casa\u201d fa que es puguin realitzar parades en diferents llocs i es puguin gaudir juntament amb tota la fam\u00edlia. En aquesta mena de viatges, la millor manera de\u00a0<strong>convertir-los en una bona experi\u00e8ncia i en un record \u00fanic<\/strong>, \u00e9s adoptant un actitud tranquil\u00b7la i relaxada realitzant les parades oportunes i aix\u00ed deixar que els nens gaudeixin de cada lloc mentre juguen. \u00c9s oport\u00fa portar\u00a0<strong>material de joc com a pilotes, raquetes, o jocs de taula<\/strong>\u00a0(en cas que no es pugui sortir a jugar), com a fi de facilitar que juguin allunyats de les pantalles.<\/p>\n<h2><span class=\"ez-toc-section\" id=\"Furgonetes_Camper_Autocaravanes_Caravanes%E2%80%A6_Com_triar\"><\/span>Furgonetes Camper, Autocaravanes, Caravanes&#8230; Com triar?<span class=\"ez-toc-section-end\"><\/span><\/h2>\n<p>Dins del Caravaning hi ha una infinitat de possibilitats i tipus de vehicles, la seva oferta \u00e9s molt extensa. \u00c9s\u00a0<strong>convenient dedicar-li temps a saber com d&#8217;elles ser\u00e0 la millor opci\u00f3 per als nostres interessos<\/strong>. Triar una bona opci\u00f3 pots significar l&#8217;\u00e8xit del viatge. Hi ha diferents tipus: la\u00a0<strong>autocaravana amb caputxa<\/strong>, t\u00e9 un gran \u00e8xit entre els m\u00e9s petits pel fet que disposa d&#8217;un\u00a0<strong>gran espai<\/strong>\u00a0damunt de la cabina del conductor; despr\u00e9s tenim les\u00a0<strong>integrals<\/strong>, aquelles que la cabina del conductor s&#8217;ajunta amb la \u201ccasa\u201d, aquestes suposen un\u00a0<strong>major espai i confort<\/strong>. L&#8217;anomenada\u00a0<strong>Perfilada<\/strong>\u00a0se li sembla en gran manera, per\u00f2 amb una grand\u00e0ria m\u00e9s redu\u00efda. No es pot deixar de costat l&#8217;opci\u00f3 d&#8217;una\u00a0<strong>furgoneta camper<\/strong>, la qual, \u00e9s la millor quan es viatja amb nens petits.<\/p>\n<h2><span class=\"ez-toc-section\" id=\"Tria_la_millor_destinacio\"><\/span>Tria la millor destinaci\u00f3<span class=\"ez-toc-section-end\"><\/span><\/h2>\n<p><strong>Cada vegada hi ha m\u00e9s llocs adaptats a aquesta mena de vehicle<\/strong>\u00a0i adaptats tamb\u00e9 a la Fam\u00edlia, aix\u00ed que cada vegada \u00e9s m\u00e9s f\u00e0cil crear una bona ruta.<\/p>\n<p>Aquestes vacances tria viatjar amb la teva casa a coll gaudit de la major llibertat.<\/p>\n","protected":false},"excerpt":{"rendered":"<p>Ja queda poc per a les **vacances, i potser, com cada any, t&#8217;est\u00e0s plantejant fer un *viatge en autocaravana amb la teva fam\u00edlia. Les complicacions sorgeixen quan es planteja l&#8217;on i el com anar amb els nens (aquest lloc no perqu\u00e8 s&#8217;avorriran, aqu\u00ed no perqu\u00e8 no el veig segur&#8230;). Com hem explicat diverses vegades, un<\/p>\n","protected":false},"author":2,"featured_media":724,"comment_status":"closed","ping_status":"open","sticky":false,"template":"","format":"standard","meta":{"footnotes":""},"categories":[15,16,17],"tags":[],"class_list":["post-1195","post","type-post","status-publish","format-standard","has-post-thumbnail","hentry","category-autocaravanes","category-campers-ca","category-caravanes"],"yoast_head":"<!-- This site is optimized with the Yoast SEO plugin v22.4 - https:\/\/yoast.com\/wordpress\/plugins\/seo\/ -->\n<title>Viatja en caravana o en autocaravana amb nens de la millor forma - Autocaravanas, caravanas y furgonetas campers nuevas, ocasi\u00f3n y segunda mano<\/title>\n<meta name=\"description\" content=\"Viatja en caravana o en autocaravana amb nens de la millor forma per a poder gaudir d&#039;unes vacances amb els petits de la casa.\" \/>\n<meta name=\"robots\" content=\"index, follow, max-snippet:-1, max-image-preview:large, max-video-preview:-1\" \/>\n<link rel=\"canonical\" href=\"https:\/\/m3caravaning.com\/ca\/campers-ca\/viatja-en-caravana-o-en-autocaravana-amb-nens-de-la-millor-forma\/\" \/>\n<meta property=\"og:locale\" content=\"ca_ES\" \/>\n<meta property=\"og:type\" content=\"article\" \/>\n<meta property=\"og:title\" content=\"Viatja en caravana o en autocaravana amb nens de la millor forma - Autocaravanas, caravanas y furgonetas campers nuevas, ocasi\u00f3n y segunda mano\" \/>\n<meta property=\"og:description\" content=\"Viatja en caravana o en autocaravana amb nens de la millor forma per a poder gaudir d&#039;unes vacances amb els petits de la casa.\" \/>\n<meta property=\"og:url\" content=\"https:\/\/m3caravaning.com\/ca\/campers-ca\/viatja-en-caravana-o-en-autocaravana-amb-nens-de-la-millor-forma\/\" \/>\n<meta property=\"og:site_name\" content=\"Autocaravanas, caravanas y furgonetas campers nuevas, ocasi\u00f3n y segunda mano\" \/>\n<meta property=\"article:publisher\" content=\"https:\/\/www.facebook.com\/m3caravaning\" \/>\n<meta property=\"article:published_time\" content=\"2019-10-30T09:25:26+00:00\" \/>\n<meta property=\"article:modified_time\" content=\"2023-12-20T09:24:36+00:00\" \/>\n<meta property=\"og:image\" content=\"https:\/\/m3caravaning.com\/wp-content\/uploads\/2021\/01\/viaja-en-caravana-o-en-autocaravana-con-ninos-de-la-mejor-forma-id-398.jpg\" \/>\n\t<meta property=\"og:image:width\" content=\"850\" \/>\n\t<meta property=\"og:image:height\" content=\"300\" \/>\n\t<meta property=\"og:image:type\" content=\"image\/jpeg\" \/>\n<meta name=\"author\" content=\"M3 Caravaning\" \/>\n<meta name=\"twitter:card\" content=\"summary_large_image\" \/>\n<meta name=\"twitter:creator\" content=\"@M3Caravaning\" \/>\n<meta name=\"twitter:site\" content=\"@M3Caravaning\" \/>\n<meta name=\"twitter:label1\" content=\"Written by\" \/>\n\t<meta name=\"twitter:data1\" content=\"M3 Caravaning\" \/>\n\t<meta name=\"twitter:label2\" content=\"Est. reading time\" \/>\n\t<meta name=\"twitter:data2\" content=\"4 minutes\" \/>\n<script type=\"application\/ld+json\" class=\"yoast-schema-graph\">{\"@context\":\"https:\/\/schema.org\",\"@graph\":[{\"@type\":\"WebPage\",\"@id\":\"https:\/\/m3caravaning.com\/ca\/campers-ca\/viatja-en-caravana-o-en-autocaravana-amb-nens-de-la-millor-forma\/\",\"url\":\"https:\/\/m3caravaning.com\/ca\/campers-ca\/viatja-en-caravana-o-en-autocaravana-amb-nens-de-la-millor-forma\/\",\"name\":\"Viatja en caravana o en autocaravana amb nens de la millor forma - Autocaravanas, caravanas y furgonetas campers nuevas, ocasi\u00f3n y segunda mano\",\"isPartOf\":{\"@id\":\"https:\/\/m3caravaning.com\/ca\/#website\"},\"primaryImageOfPage\":{\"@id\":\"https:\/\/m3caravaning.com\/ca\/campers-ca\/viatja-en-caravana-o-en-autocaravana-amb-nens-de-la-millor-forma\/#primaryimage\"},\"image\":{\"@id\":\"https:\/\/m3caravaning.com\/ca\/campers-ca\/viatja-en-caravana-o-en-autocaravana-amb-nens-de-la-millor-forma\/#primaryimage\"},\"thumbnailUrl\":\"https:\/\/m3caravaning.com\/wp-content\/uploads\/2021\/01\/viaja-en-caravana-o-en-autocaravana-con-ninos-de-la-mejor-forma-id-398.jpg\",\"datePublished\":\"2019-10-30T09:25:26+00:00\",\"dateModified\":\"2023-12-20T09:24:36+00:00\",\"author\":{\"@id\":\"https:\/\/m3caravaning.com\/ca\/#\/schema\/person\/10e5f1edce4be1f414d4bde1bcf0c65f\"},\"description\":\"Viatja en caravana o en autocaravana amb nens de la millor forma per a poder gaudir d'unes vacances amb els petits de la casa.\",\"breadcrumb\":{\"@id\":\"https:\/\/m3caravaning.com\/ca\/campers-ca\/viatja-en-caravana-o-en-autocaravana-amb-nens-de-la-millor-forma\/#breadcrumb\"},\"inLanguage\":\"ca\",\"potentialAction\":[{\"@type\":\"ReadAction\",\"target\":[\"https:\/\/m3caravaning.com\/ca\/campers-ca\/viatja-en-caravana-o-en-autocaravana-amb-nens-de-la-millor-forma\/\"]}]},{\"@type\":\"ImageObject\",\"inLanguage\":\"ca\",\"@id\":\"https:\/\/m3caravaning.com\/ca\/campers-ca\/viatja-en-caravana-o-en-autocaravana-amb-nens-de-la-millor-forma\/#primaryimage\",\"url\":\"https:\/\/m3caravaning.com\/wp-content\/uploads\/2021\/01\/viaja-en-caravana-o-en-autocaravana-con-ninos-de-la-mejor-forma-id-398.jpg\",\"contentUrl\":\"https:\/\/m3caravaning.com\/wp-content\/uploads\/2021\/01\/viaja-en-caravana-o-en-autocaravana-con-ninos-de-la-mejor-forma-id-398.jpg\",\"width\":850,\"height\":300},{\"@type\":\"BreadcrumbList\",\"@id\":\"https:\/\/m3caravaning.com\/ca\/campers-ca\/viatja-en-caravana-o-en-autocaravana-amb-nens-de-la-millor-forma\/#breadcrumb\",\"itemListElement\":[{\"@type\":\"ListItem\",\"position\":1,\"name\":\"Portada\",\"item\":\"https:\/\/m3caravaning.com\/ca\/\"},{\"@type\":\"ListItem\",\"position\":2,\"name\":\"Viatja en caravana o en autocaravana amb nens de la millor forma\"}]},{\"@type\":\"WebSite\",\"@id\":\"https:\/\/m3caravaning.com\/ca\/#website\",\"url\":\"https:\/\/m3caravaning.com\/ca\/\",\"name\":\"Autocaravanas, caravanas y furgonetas campers nuevas, ocasi\u00f3n y segunda mano\",\"description\":\"Tu tienda de autocaravanas, campers y caravanas nuevas y de segunda mano. Alquiler, tienda de recambios, taller, seguros, etc.\",\"potentialAction\":[{\"@type\":\"SearchAction\",\"target\":{\"@type\":\"EntryPoint\",\"urlTemplate\":\"https:\/\/m3caravaning.com\/ca\/?s={search_term_string}\"},\"query-input\":\"required name=search_term_string\"}],\"inLanguage\":\"ca\"},{\"@type\":\"Person\",\"@id\":\"https:\/\/m3caravaning.com\/ca\/#\/schema\/person\/10e5f1edce4be1f414d4bde1bcf0c65f\",\"name\":\"M3 Caravaning\",\"image\":{\"@type\":\"ImageObject\",\"inLanguage\":\"ca\",\"@id\":\"https:\/\/m3caravaning.com\/ca\/#\/schema\/person\/image\/\",\"url\":\"https:\/\/secure.gravatar.com\/avatar\/45cc9e7bfaa20654bd7626e499aa306a8db18ee338763b6b771e707ccbeef54c?s=96&d=mm&r=g\",\"contentUrl\":\"https:\/\/secure.gravatar.com\/avatar\/45cc9e7bfaa20654bd7626e499aa306a8db18ee338763b6b771e707ccbeef54c?s=96&d=mm&r=g\",\"caption\":\"M3 Caravaning\"}}]}<\/script>\n<!-- \/ Yoast SEO plugin. -->","yoast_head_json":{"title":"Viatja en caravana o en autocaravana amb nens de la millor forma - Autocaravanas, caravanas y furgonetas campers nuevas, ocasi\u00f3n y segunda mano","description":"Viatja en caravana o en autocaravana amb nens de la millor forma per a poder gaudir d'unes vacances amb els petits de la casa.","robots":{"index":"index","follow":"follow","max-snippet":"max-snippet:-1","max-image-preview":"max-image-preview:large","max-video-preview":"max-video-preview:-1"},"canonical":"https:\/\/m3caravaning.com\/ca\/campers-ca\/viatja-en-caravana-o-en-autocaravana-amb-nens-de-la-millor-forma\/","og_locale":"ca_ES","og_type":"article","og_title":"Viatja en caravana o en autocaravana amb nens de la millor forma - Autocaravanas, caravanas y furgonetas campers nuevas, ocasi\u00f3n y segunda mano","og_description":"Viatja en caravana o en autocaravana amb nens de la millor forma per a poder gaudir d'unes vacances amb els petits de la casa.","og_url":"https:\/\/m3caravaning.com\/ca\/campers-ca\/viatja-en-caravana-o-en-autocaravana-amb-nens-de-la-millor-forma\/","og_site_name":"Autocaravanas, caravanas y furgonetas campers nuevas, ocasi\u00f3n y segunda mano","article_publisher":"https:\/\/www.facebook.com\/m3caravaning","article_published_time":"2019-10-30T09:25:26+00:00","article_modified_time":"2023-12-20T09:24:36+00:00","og_image":[{"width":850,"height":300,"url":"https:\/\/m3caravaning.com\/wp-content\/uploads\/2021\/01\/viaja-en-caravana-o-en-autocaravana-con-ninos-de-la-mejor-forma-id-398.jpg","type":"image\/jpeg"}],"author":"M3 Caravaning","twitter_card":"summary_large_image","twitter_creator":"@M3Caravaning","twitter_site":"@M3Caravaning","twitter_misc":{"Written by":"M3 Caravaning","Est. reading time":"4 minutes"},"schema":{"@context":"https:\/\/schema.org","@graph":[{"@type":"WebPage","@id":"https:\/\/m3caravaning.com\/ca\/campers-ca\/viatja-en-caravana-o-en-autocaravana-amb-nens-de-la-millor-forma\/","url":"https:\/\/m3caravaning.com\/ca\/campers-ca\/viatja-en-caravana-o-en-autocaravana-amb-nens-de-la-millor-forma\/","name":"Viatja en caravana o en autocaravana amb nens de la millor forma - Autocaravanas, caravanas y furgonetas campers nuevas, ocasi\u00f3n y segunda mano","isPartOf":{"@id":"https:\/\/m3caravaning.com\/ca\/#website"},"primaryImageOfPage":{"@id":"https:\/\/m3caravaning.com\/ca\/campers-ca\/viatja-en-caravana-o-en-autocaravana-amb-nens-de-la-millor-forma\/#primaryimage"},"image":{"@id":"https:\/\/m3caravaning.com\/ca\/campers-ca\/viatja-en-caravana-o-en-autocaravana-amb-nens-de-la-millor-forma\/#primaryimage"},"thumbnailUrl":"https:\/\/m3caravaning.com\/wp-content\/uploads\/2021\/01\/viaja-en-caravana-o-en-autocaravana-con-ninos-de-la-mejor-forma-id-398.jpg","datePublished":"2019-10-30T09:25:26+00:00","dateModified":"2023-12-20T09:24:36+00:00","author":{"@id":"https:\/\/m3caravaning.com\/ca\/#\/schema\/person\/10e5f1edce4be1f414d4bde1bcf0c65f"},"description":"Viatja en caravana o en autocaravana amb nens de la millor forma per a poder gaudir d'unes vacances amb els petits de la casa.","breadcrumb":{"@id":"https:\/\/m3caravaning.com\/ca\/campers-ca\/viatja-en-caravana-o-en-autocaravana-amb-nens-de-la-millor-forma\/#breadcrumb"},"inLanguage":"ca","potentialAction":[{"@type":"ReadAction","target":["https:\/\/m3caravaning.com\/ca\/campers-ca\/viatja-en-caravana-o-en-autocaravana-amb-nens-de-la-millor-forma\/"]}]},{"@type":"ImageObject","inLanguage":"ca","@id":"https:\/\/m3caravaning.com\/ca\/campers-ca\/viatja-en-caravana-o-en-autocaravana-amb-nens-de-la-millor-forma\/#primaryimage","url":"https:\/\/m3caravaning.com\/wp-content\/uploads\/2021\/01\/viaja-en-caravana-o-en-autocaravana-con-ninos-de-la-mejor-forma-id-398.jpg","contentUrl":"https:\/\/m3caravaning.com\/wp-content\/uploads\/2021\/01\/viaja-en-caravana-o-en-autocaravana-con-ninos-de-la-mejor-forma-id-398.jpg","width":850,"height":300},{"@type":"BreadcrumbList","@id":"https:\/\/m3caravaning.com\/ca\/campers-ca\/viatja-en-caravana-o-en-autocaravana-amb-nens-de-la-millor-forma\/#breadcrumb","itemListElement":[{"@type":"ListItem","position":1,"name":"Portada","item":"https:\/\/m3caravaning.com\/ca\/"},{"@type":"ListItem","position":2,"name":"Viatja en caravana o en autocaravana amb nens de la millor forma"}]},{"@type":"WebSite","@id":"https:\/\/m3caravaning.com\/ca\/#website","url":"https:\/\/m3caravaning.com\/ca\/","name":"Autocaravanas, caravanas y furgonetas campers nuevas, ocasi\u00f3n y segunda mano","description":"Tu tienda de autocaravanas, campers y caravanas nuevas y de segunda mano. Alquiler, tienda de recambios, taller, seguros, etc.","potentialAction":[{"@type":"SearchAction","target":{"@type":"EntryPoint","urlTemplate":"https:\/\/m3caravaning.com\/ca\/?s={search_term_string}"},"query-input":"required name=search_term_string"}],"inLanguage":"ca"},{"@type":"Person","@id":"https:\/\/m3caravaning.com\/ca\/#\/schema\/person\/10e5f1edce4be1f414d4bde1bcf0c65f","name":"M3 Caravaning","image":{"@type":"ImageObject","inLanguage":"ca","@id":"https:\/\/m3caravaning.com\/ca\/#\/schema\/person\/image\/","url":"https:\/\/secure.gravatar.com\/avatar\/45cc9e7bfaa20654bd7626e499aa306a8db18ee338763b6b771e707ccbeef54c?s=96&d=mm&r=g","contentUrl":"https:\/\/secure.gravatar.com\/avatar\/45cc9e7bfaa20654bd7626e499aa306a8db18ee338763b6b771e707ccbeef54c?s=96&d=mm&r=g","caption":"M3 Caravaning"}}]}},"_links":{"self":[{"href":"https:\/\/m3caravaning.com\/ca\/wp-json\/wp\/v2\/posts\/1195","targetHints":{"allow":["GET"]}}],"collection":[{"href":"https:\/\/m3caravaning.com\/ca\/wp-json\/wp\/v2\/posts"}],"about":[{"href":"https:\/\/m3caravaning.com\/ca\/wp-json\/wp\/v2\/types\/post"}],"author":[{"embeddable":true,"href":"https:\/\/m3caravaning.com\/ca\/wp-json\/wp\/v2\/users\/2"}],"replies":[{"embeddable":true,"href":"https:\/\/m3caravaning.com\/ca\/wp-json\/wp\/v2\/comments?post=1195"}],"version-history":[{"count":2,"href":"https:\/\/m3caravaning.com\/ca\/wp-json\/wp\/v2\/posts\/1195\/revisions"}],"predecessor-version":[{"id":616235,"href":"https:\/\/m3caravaning.com\/ca\/wp-json\/wp\/v2\/posts\/1195\/revisions\/616235"}],"wp:featuredmedia":[{"embeddable":true,"href":"https:\/\/m3caravaning.com\/ca\/wp-json\/wp\/v2\/media\/724"}],"wp:attachment":[{"href":"https:\/\/m3caravaning.com\/ca\/wp-json\/wp\/v2\/media?parent=1195"}],"wp:term":[{"taxonomy":"category","embeddable":true,"href":"https:\/\/m3caravaning.com\/ca\/wp-json\/wp\/v2\/categories?post=1195"},{"taxonomy":"post_tag","embeddable":true,"href":"https:\/\/m3caravaning.com\/ca\/wp-json\/wp\/v2\/tags?post=1195"}],"curies":[{"name":"wp","href":"https:\/\/api.w.org\/{rel}","templated":true}]}}