





{"id":10253,"date":"2020-12-17T12:27:15","date_gmt":"2020-12-17T11:27:15","guid":{"rendered":"https:\/\/m3caravaning.com\/?p=10253"},"modified":"2024-05-24T11:46:59","modified_gmt":"2024-05-24T09:46:59","slug":"viatjar-en-caravana-autocaravana-o-furgoneta-camper-aquest-nadal","status":"publish","type":"post","link":"https:\/\/m3caravaning.com\/ca\/autocaravanes\/viatjar-en-caravana-autocaravana-o-furgoneta-camper-aquest-nadal\/","title":{"rendered":"Viatjar en caravana, autocaravana o furgoneta camper aquest Nadal"},"content":{"rendered":"<p>Aquestes festes nadalenques seran diferents a les tradicionals a causa de les mesures d&#8217;higiene i seguretat que haurem de seguir per a evitar a la COVID-19. Tot i aix\u00ed, no et preocupis perqu\u00e8 sempre hi ha alternatives per a prendre&#8217;s un descans i poder trobar la calma desitjada sense posar en risc la teva salut.<\/p>\n<p>\u00c9s per aix\u00f2 que\u00a0<strong>et volem plantejar l&#8217;opci\u00f3 de prendre&#8217;t unes vacances nadalenques en caravana, autocaravana o furgoneta camper.<\/strong>\u00a0Viatjar en aquest tipus de vehicles s&#8217;ha convertit en la forma m\u00e9s segura per a descansar i viure el Nadal amb la teva fam\u00edlia. I aix\u00f2 es deu al fet que, per exemple, en una autocaravana no et creuar\u00e0s amb grups de persones a l&#8217;ascensor o el passad\u00eds d&#8217;un hotel, conviur\u00e0s durant les 24 hores del dia amb el teu nucli familiar i estar\u00e0s segur que tu mateix t&#8217;encarregues de netejar i desinfectar el teu espai amb la m\u00e0xima garantia i fiabilitat.<\/p>\n<p>A m\u00e9s, no ens haurem de preocupar de fer reserves en hotels o restaurants ja que nosaltres mateixos ens ocuparem de preparar el menjar en el nostre vehicle a l&#8217;hora que ens vingui millor.\u00a0<strong>Les caravanes, autocaravanes o furgonetes camper disposen de l&#8217;opci\u00f3 d&#8217;estar equipades amb una cuina<\/strong>\u00a0que compleix la seva funci\u00f3 perfectament com si estigu\u00e9ssim a casa, per la qual cosa t&#8217;estalviar\u00e0s diners en menjar i no t&#8217;haur\u00e0s de preocupar de si els restaurants compleixen o no amb les mesures de seguretat.<\/p>\n<p>Un altre factor important a tenir en compte \u00e9s\u00a0<a href=\"https:\/\/m3caravaning.com\/ca\/lloguer-dautocaravanes-i-furgonetes-camper\/\">el nombre de possibilitats que ens ofereix el llogar una autocaravana o furgoneta camper.<\/a> Mentre que en un hotel podr\u00e0s fer turisme per aquesta mateixa ciutat, <strong>en una autocaravana o furgoneta camper podr\u00e0s portar la teva casa sobre rodes i podr\u00e0s visitar molts llocs diferents<\/strong>. Com per exemple, llocs naturals, llocs hist\u00f2rics, platges, muntanyes, etc. Tamb\u00e9 pots optar per fer unes vacances orientades a fer esport per a desconnectar. Sempre pots agafar la teva bicicleta i posar-la en el\u00a0<strong>portabicicletes per a l&#8217;autocaravana<\/strong>\u00a0i fer alguna ruta per alguna zona de muntanya.<\/p>\n<p>Al nostre pa\u00eds\u00a0<a href=\"https:\/\/campinglava.com\/es\/\">hi ha molt\u00edssims c\u00e0mpings que compten amb parcel\u00b7les on podr\u00e0s aparcar el vehicle<\/a>, per la qual cosa no haur\u00e0s de preocupar-te per aix\u00f2. A m\u00e9s, en els c\u00e0mpings podr\u00e0s fer activitats l\u00fadiques amb les quals passar el temps.<\/p>\n<img decoding=\"async\" class=\"alignnone size-medium wp-image-10251\" src=\"https:\/\/m3caravaning.com\/wp-content\/uploads\/2021\/03\/viajarestanavidad.jpg\" alt=\"\" width=\"300\" height=\"106\" srcset=\"https:\/\/m3caravaning.com\/wp-content\/uploads\/2021\/03\/viajarestanavidad.jpg 850w, https:\/\/m3caravaning.com\/wp-content\/uploads\/2021\/03\/viajarestanavidad-600x212.jpg 600w\" sizes=\"(max-width: 300px) 100vw, 300px\" \/>\n<h3>Viatjar en autocaravana amb fills<\/h3>\n<p>En el\u00a0<strong>cas que tinguis fills podr\u00e0s estar m\u00e9s tranquil a l&#8217;hora de viatjar en autocaravana per Nadal<\/strong>, ja que no t&#8217;haur\u00e0s de preocupar per dormir amb ells en una habitaci\u00f3 diferent, ni que molestin a ning\u00fa, ni que facin molt soroll a la nit. Aix\u00ed mateix, has de saber que les autocaravanes tenen la capacitat suficient perqu\u00e8 viatgin fins a 6 persones, depenent del model.<\/p>\n<h3>Viatjar en furgoneta camper amb la teva parella<\/h3>\n<p>I si tens pensat\u00a0<strong>fer un viatge amb la teva parella amb una furgoneta camper<\/strong>, deixa&#8217;ns dir-te que viur\u00e0s una experi\u00e8ncia inoblidable en la qual compartireu molts moments junts i on segurament feu la vostra relaci\u00f3 m\u00e9s forta. Sens dubte, ser\u00e0 una experi\u00e8ncia molt bonica i m\u00e0gica per a viure el Nadal de manera especial.<\/p>\n<h3>Llogar autocaravana per Nadal<\/h3>\n<p>En el cas que t&#8217;hagi agradat l&#8217;opci\u00f3 d&#8217;anar-te uns dies en autocaravana o furgoneta camper per Nadal, per\u00f2 no disposes d&#8217;una,\u00a0<strong>sempre pots llogar una autocaravana<\/strong>\u00a0de les quals tenim disponibles en la nostra gran flota. Per a aix\u00f2 nom\u00e9s haur\u00e0s d&#8217;entrar en la nostra p\u00e0gina web i demanar informaci\u00f3 a trav\u00e9s de la p\u00e0gina de contacte o trucant al nostre n\u00famero de tel\u00e8fon que \u00e9s el 93 818 25 00.<\/p>\n<p><strong>Bon Nadal en la teva caravana, autocaravana o furgoneta camper!<\/strong><\/p>\n","protected":false},"excerpt":{"rendered":"<p>Aquestes festes nadalenques seran diferents a les tradicionals a causa de les mesures d&#8217;higiene i seguretat que haurem de seguir per a evitar a la COVID-19. Tot i aix\u00ed, no et preocupis perqu\u00e8 sempre hi ha alternatives per a prendre&#8217;s un descans i poder trobar la calma desitjada sense posar en risc la teva salut.<\/p>\n","protected":false},"author":2,"featured_media":983,"comment_status":"closed","ping_status":"open","sticky":false,"template":"","format":"standard","meta":{"footnotes":""},"categories":[15,16,17],"tags":[],"class_list":["post-10253","post","type-post","status-publish","format-standard","has-post-thumbnail","hentry","category-autocaravanes","category-campers-ca","category-caravanes"],"yoast_head":"<!-- This site is optimized with the Yoast SEO plugin v22.4 - https:\/\/yoast.com\/wordpress\/plugins\/seo\/ -->\n<title>Viatjar en caravana, autocaravana o furgoneta camper aquest Nadal - Autocaravanas, caravanas y furgonetas campers nuevas, ocasi\u00f3n y segunda mano<\/title>\n<meta name=\"robots\" content=\"index, follow, max-snippet:-1, max-image-preview:large, max-video-preview:-1\" \/>\n<link rel=\"canonical\" href=\"https:\/\/m3caravaning.com\/ca\/autocaravanes\/viatjar-en-caravana-autocaravana-o-furgoneta-camper-aquest-nadal\/\" \/>\n<meta property=\"og:locale\" content=\"ca_ES\" \/>\n<meta property=\"og:type\" content=\"article\" \/>\n<meta property=\"og:title\" content=\"Viatjar en caravana, autocaravana o furgoneta camper aquest Nadal - Autocaravanas, caravanas y furgonetas campers nuevas, ocasi\u00f3n y segunda mano\" \/>\n<meta property=\"og:description\" content=\"Aquestes festes nadalenques seran diferents a les tradicionals a causa de les mesures d&#8217;higiene i seguretat que haurem de seguir per a evitar a la COVID-19. Tot i aix\u00ed, no et preocupis perqu\u00e8 sempre hi ha alternatives per a prendre&#8217;s un descans i poder trobar la calma desitjada sense posar en risc la teva salut.\" \/>\n<meta property=\"og:url\" content=\"https:\/\/m3caravaning.com\/ca\/autocaravanes\/viatjar-en-caravana-autocaravana-o-furgoneta-camper-aquest-nadal\/\" \/>\n<meta property=\"og:site_name\" content=\"Autocaravanas, caravanas y furgonetas campers nuevas, ocasi\u00f3n y segunda mano\" \/>\n<meta property=\"article:publisher\" content=\"https:\/\/www.facebook.com\/m3caravaning\" \/>\n<meta property=\"article:published_time\" content=\"2020-12-17T11:27:15+00:00\" \/>\n<meta property=\"article:modified_time\" content=\"2024-05-24T09:46:59+00:00\" \/>\n<meta property=\"og:image\" content=\"https:\/\/m3caravaning.com\/wp-content\/uploads\/2021\/01\/viajar-en-caravana-autocaravana-o-furgoneta-camper-esta-navidad-id-442.jpg\" \/>\n\t<meta property=\"og:image:width\" content=\"650\" \/>\n\t<meta property=\"og:image:height\" content=\"420\" \/>\n\t<meta property=\"og:image:type\" content=\"image\/jpeg\" \/>\n<meta name=\"author\" content=\"M3 Caravaning\" \/>\n<meta name=\"twitter:card\" content=\"summary_large_image\" \/>\n<meta name=\"twitter:creator\" content=\"@M3Caravaning\" \/>\n<meta name=\"twitter:site\" content=\"@M3Caravaning\" \/>\n<meta name=\"twitter:label1\" content=\"Written by\" \/>\n\t<meta name=\"twitter:data1\" content=\"M3 Caravaning\" \/>\n\t<meta name=\"twitter:label2\" content=\"Est. reading time\" \/>\n\t<meta name=\"twitter:data2\" content=\"4 minutes\" \/>\n<script type=\"application\/ld+json\" class=\"yoast-schema-graph\">{\"@context\":\"https:\/\/schema.org\",\"@graph\":[{\"@type\":\"WebPage\",\"@id\":\"https:\/\/m3caravaning.com\/ca\/autocaravanes\/viatjar-en-caravana-autocaravana-o-furgoneta-camper-aquest-nadal\/\",\"url\":\"https:\/\/m3caravaning.com\/ca\/autocaravanes\/viatjar-en-caravana-autocaravana-o-furgoneta-camper-aquest-nadal\/\",\"name\":\"Viatjar en caravana, autocaravana o furgoneta camper aquest Nadal - Autocaravanas, caravanas y furgonetas campers nuevas, ocasi\u00f3n y segunda mano\",\"isPartOf\":{\"@id\":\"https:\/\/m3caravaning.com\/ca\/#website\"},\"primaryImageOfPage\":{\"@id\":\"https:\/\/m3caravaning.com\/ca\/autocaravanes\/viatjar-en-caravana-autocaravana-o-furgoneta-camper-aquest-nadal\/#primaryimage\"},\"image\":{\"@id\":\"https:\/\/m3caravaning.com\/ca\/autocaravanes\/viatjar-en-caravana-autocaravana-o-furgoneta-camper-aquest-nadal\/#primaryimage\"},\"thumbnailUrl\":\"https:\/\/m3caravaning.com\/wp-content\/uploads\/2021\/01\/viajar-en-caravana-autocaravana-o-furgoneta-camper-esta-navidad-id-442.jpg\",\"datePublished\":\"2020-12-17T11:27:15+00:00\",\"dateModified\":\"2024-05-24T09:46:59+00:00\",\"author\":{\"@id\":\"https:\/\/m3caravaning.com\/ca\/#\/schema\/person\/10e5f1edce4be1f414d4bde1bcf0c65f\"},\"breadcrumb\":{\"@id\":\"https:\/\/m3caravaning.com\/ca\/autocaravanes\/viatjar-en-caravana-autocaravana-o-furgoneta-camper-aquest-nadal\/#breadcrumb\"},\"inLanguage\":\"ca\",\"potentialAction\":[{\"@type\":\"ReadAction\",\"target\":[\"https:\/\/m3caravaning.com\/ca\/autocaravanes\/viatjar-en-caravana-autocaravana-o-furgoneta-camper-aquest-nadal\/\"]}]},{\"@type\":\"ImageObject\",\"inLanguage\":\"ca\",\"@id\":\"https:\/\/m3caravaning.com\/ca\/autocaravanes\/viatjar-en-caravana-autocaravana-o-furgoneta-camper-aquest-nadal\/#primaryimage\",\"url\":\"https:\/\/m3caravaning.com\/wp-content\/uploads\/2021\/01\/viajar-en-caravana-autocaravana-o-furgoneta-camper-esta-navidad-id-442.jpg\",\"contentUrl\":\"https:\/\/m3caravaning.com\/wp-content\/uploads\/2021\/01\/viajar-en-caravana-autocaravana-o-furgoneta-camper-esta-navidad-id-442.jpg\",\"width\":650,\"height\":420},{\"@type\":\"BreadcrumbList\",\"@id\":\"https:\/\/m3caravaning.com\/ca\/autocaravanes\/viatjar-en-caravana-autocaravana-o-furgoneta-camper-aquest-nadal\/#breadcrumb\",\"itemListElement\":[{\"@type\":\"ListItem\",\"position\":1,\"name\":\"Portada\",\"item\":\"https:\/\/m3caravaning.com\/ca\/\"},{\"@type\":\"ListItem\",\"position\":2,\"name\":\"Viatjar en caravana, autocaravana o furgoneta camper aquest Nadal\"}]},{\"@type\":\"WebSite\",\"@id\":\"https:\/\/m3caravaning.com\/ca\/#website\",\"url\":\"https:\/\/m3caravaning.com\/ca\/\",\"name\":\"Autocaravanas, caravanas y furgonetas campers nuevas, ocasi\u00f3n y segunda mano\",\"description\":\"Tu tienda de autocaravanas, campers y caravanas nuevas y de segunda mano. Alquiler, tienda de recambios, taller, seguros, etc.\",\"potentialAction\":[{\"@type\":\"SearchAction\",\"target\":{\"@type\":\"EntryPoint\",\"urlTemplate\":\"https:\/\/m3caravaning.com\/ca\/?s={search_term_string}\"},\"query-input\":\"required name=search_term_string\"}],\"inLanguage\":\"ca\"},{\"@type\":\"Person\",\"@id\":\"https:\/\/m3caravaning.com\/ca\/#\/schema\/person\/10e5f1edce4be1f414d4bde1bcf0c65f\",\"name\":\"M3 Caravaning\",\"image\":{\"@type\":\"ImageObject\",\"inLanguage\":\"ca\",\"@id\":\"https:\/\/m3caravaning.com\/ca\/#\/schema\/person\/image\/\",\"url\":\"https:\/\/secure.gravatar.com\/avatar\/45cc9e7bfaa20654bd7626e499aa306a8db18ee338763b6b771e707ccbeef54c?s=96&d=mm&r=g\",\"contentUrl\":\"https:\/\/secure.gravatar.com\/avatar\/45cc9e7bfaa20654bd7626e499aa306a8db18ee338763b6b771e707ccbeef54c?s=96&d=mm&r=g\",\"caption\":\"M3 Caravaning\"}}]}<\/script>\n<!-- \/ Yoast SEO plugin. -->","yoast_head_json":{"title":"Viatjar en caravana, autocaravana o furgoneta camper aquest Nadal - Autocaravanas, caravanas y furgonetas campers nuevas, ocasi\u00f3n y segunda mano","robots":{"index":"index","follow":"follow","max-snippet":"max-snippet:-1","max-image-preview":"max-image-preview:large","max-video-preview":"max-video-preview:-1"},"canonical":"https:\/\/m3caravaning.com\/ca\/autocaravanes\/viatjar-en-caravana-autocaravana-o-furgoneta-camper-aquest-nadal\/","og_locale":"ca_ES","og_type":"article","og_title":"Viatjar en caravana, autocaravana o furgoneta camper aquest Nadal - Autocaravanas, caravanas y furgonetas campers nuevas, ocasi\u00f3n y segunda mano","og_description":"Aquestes festes nadalenques seran diferents a les tradicionals a causa de les mesures d&#8217;higiene i seguretat que haurem de seguir per a evitar a la COVID-19. Tot i aix\u00ed, no et preocupis perqu\u00e8 sempre hi ha alternatives per a prendre&#8217;s un descans i poder trobar la calma desitjada sense posar en risc la teva salut.","og_url":"https:\/\/m3caravaning.com\/ca\/autocaravanes\/viatjar-en-caravana-autocaravana-o-furgoneta-camper-aquest-nadal\/","og_site_name":"Autocaravanas, caravanas y furgonetas campers nuevas, ocasi\u00f3n y segunda mano","article_publisher":"https:\/\/www.facebook.com\/m3caravaning","article_published_time":"2020-12-17T11:27:15+00:00","article_modified_time":"2024-05-24T09:46:59+00:00","og_image":[{"width":650,"height":420,"url":"https:\/\/m3caravaning.com\/wp-content\/uploads\/2021\/01\/viajar-en-caravana-autocaravana-o-furgoneta-camper-esta-navidad-id-442.jpg","type":"image\/jpeg"}],"author":"M3 Caravaning","twitter_card":"summary_large_image","twitter_creator":"@M3Caravaning","twitter_site":"@M3Caravaning","twitter_misc":{"Written by":"M3 Caravaning","Est. reading time":"4 minutes"},"schema":{"@context":"https:\/\/schema.org","@graph":[{"@type":"WebPage","@id":"https:\/\/m3caravaning.com\/ca\/autocaravanes\/viatjar-en-caravana-autocaravana-o-furgoneta-camper-aquest-nadal\/","url":"https:\/\/m3caravaning.com\/ca\/autocaravanes\/viatjar-en-caravana-autocaravana-o-furgoneta-camper-aquest-nadal\/","name":"Viatjar en caravana, autocaravana o furgoneta camper aquest Nadal - Autocaravanas, caravanas y furgonetas campers nuevas, ocasi\u00f3n y segunda mano","isPartOf":{"@id":"https:\/\/m3caravaning.com\/ca\/#website"},"primaryImageOfPage":{"@id":"https:\/\/m3caravaning.com\/ca\/autocaravanes\/viatjar-en-caravana-autocaravana-o-furgoneta-camper-aquest-nadal\/#primaryimage"},"image":{"@id":"https:\/\/m3caravaning.com\/ca\/autocaravanes\/viatjar-en-caravana-autocaravana-o-furgoneta-camper-aquest-nadal\/#primaryimage"},"thumbnailUrl":"https:\/\/m3caravaning.com\/wp-content\/uploads\/2021\/01\/viajar-en-caravana-autocaravana-o-furgoneta-camper-esta-navidad-id-442.jpg","datePublished":"2020-12-17T11:27:15+00:00","dateModified":"2024-05-24T09:46:59+00:00","author":{"@id":"https:\/\/m3caravaning.com\/ca\/#\/schema\/person\/10e5f1edce4be1f414d4bde1bcf0c65f"},"breadcrumb":{"@id":"https:\/\/m3caravaning.com\/ca\/autocaravanes\/viatjar-en-caravana-autocaravana-o-furgoneta-camper-aquest-nadal\/#breadcrumb"},"inLanguage":"ca","potentialAction":[{"@type":"ReadAction","target":["https:\/\/m3caravaning.com\/ca\/autocaravanes\/viatjar-en-caravana-autocaravana-o-furgoneta-camper-aquest-nadal\/"]}]},{"@type":"ImageObject","inLanguage":"ca","@id":"https:\/\/m3caravaning.com\/ca\/autocaravanes\/viatjar-en-caravana-autocaravana-o-furgoneta-camper-aquest-nadal\/#primaryimage","url":"https:\/\/m3caravaning.com\/wp-content\/uploads\/2021\/01\/viajar-en-caravana-autocaravana-o-furgoneta-camper-esta-navidad-id-442.jpg","contentUrl":"https:\/\/m3caravaning.com\/wp-content\/uploads\/2021\/01\/viajar-en-caravana-autocaravana-o-furgoneta-camper-esta-navidad-id-442.jpg","width":650,"height":420},{"@type":"BreadcrumbList","@id":"https:\/\/m3caravaning.com\/ca\/autocaravanes\/viatjar-en-caravana-autocaravana-o-furgoneta-camper-aquest-nadal\/#breadcrumb","itemListElement":[{"@type":"ListItem","position":1,"name":"Portada","item":"https:\/\/m3caravaning.com\/ca\/"},{"@type":"ListItem","position":2,"name":"Viatjar en caravana, autocaravana o furgoneta camper aquest Nadal"}]},{"@type":"WebSite","@id":"https:\/\/m3caravaning.com\/ca\/#website","url":"https:\/\/m3caravaning.com\/ca\/","name":"Autocaravanas, caravanas y furgonetas campers nuevas, ocasi\u00f3n y segunda mano","description":"Tu tienda de autocaravanas, campers y caravanas nuevas y de segunda mano. Alquiler, tienda de recambios, taller, seguros, etc.","potentialAction":[{"@type":"SearchAction","target":{"@type":"EntryPoint","urlTemplate":"https:\/\/m3caravaning.com\/ca\/?s={search_term_string}"},"query-input":"required name=search_term_string"}],"inLanguage":"ca"},{"@type":"Person","@id":"https:\/\/m3caravaning.com\/ca\/#\/schema\/person\/10e5f1edce4be1f414d4bde1bcf0c65f","name":"M3 Caravaning","image":{"@type":"ImageObject","inLanguage":"ca","@id":"https:\/\/m3caravaning.com\/ca\/#\/schema\/person\/image\/","url":"https:\/\/secure.gravatar.com\/avatar\/45cc9e7bfaa20654bd7626e499aa306a8db18ee338763b6b771e707ccbeef54c?s=96&d=mm&r=g","contentUrl":"https:\/\/secure.gravatar.com\/avatar\/45cc9e7bfaa20654bd7626e499aa306a8db18ee338763b6b771e707ccbeef54c?s=96&d=mm&r=g","caption":"M3 Caravaning"}}]}},"_links":{"self":[{"href":"https:\/\/m3caravaning.com\/ca\/wp-json\/wp\/v2\/posts\/10253","targetHints":{"allow":["GET"]}}],"collection":[{"href":"https:\/\/m3caravaning.com\/ca\/wp-json\/wp\/v2\/posts"}],"about":[{"href":"https:\/\/m3caravaning.com\/ca\/wp-json\/wp\/v2\/types\/post"}],"author":[{"embeddable":true,"href":"https:\/\/m3caravaning.com\/ca\/wp-json\/wp\/v2\/users\/2"}],"replies":[{"embeddable":true,"href":"https:\/\/m3caravaning.com\/ca\/wp-json\/wp\/v2\/comments?post=10253"}],"version-history":[{"count":1,"href":"https:\/\/m3caravaning.com\/ca\/wp-json\/wp\/v2\/posts\/10253\/revisions"}],"predecessor-version":[{"id":619527,"href":"https:\/\/m3caravaning.com\/ca\/wp-json\/wp\/v2\/posts\/10253\/revisions\/619527"}],"wp:featuredmedia":[{"embeddable":true,"href":"https:\/\/m3caravaning.com\/ca\/wp-json\/wp\/v2\/media\/983"}],"wp:attachment":[{"href":"https:\/\/m3caravaning.com\/ca\/wp-json\/wp\/v2\/media?parent=10253"}],"wp:term":[{"taxonomy":"category","embeddable":true,"href":"https:\/\/m3caravaning.com\/ca\/wp-json\/wp\/v2\/categories?post=10253"},{"taxonomy":"post_tag","embeddable":true,"href":"https:\/\/m3caravaning.com\/ca\/wp-json\/wp\/v2\/tags?post=10253"}],"curies":[{"name":"wp","href":"https:\/\/api.w.org\/{rel}","templated":true}]}}