





{"id":1025,"date":"2017-03-03T09:09:16","date_gmt":"2017-03-03T08:09:16","guid":{"rendered":"https:\/\/m3caravaning.com\/?p=1025"},"modified":"2021-06-15T12:32:39","modified_gmt":"2021-06-15T10:32:39","slug":"setmana-del-caravaning-del-11-al-18-de-marc-del-2017","status":"publish","type":"post","link":"https:\/\/m3caravaning.com\/ca\/sense-categoria\/setmana-del-caravaning-del-11-al-18-de-marc-del-2017\/","title":{"rendered":"Setmana del Caravaning del 11 al 18 de Mar\u00e7 del 2017"},"content":{"rendered":"<p>No et perdis la Setmana del Carav\u00e0ning a Vilafranca del Pened\u00e8s que tindr\u00e0 lloc al recinte M3 CARAVANING, de l&#8217;11 al 18 de Mar\u00e7 del 2017.<\/p>\n<p>Durant la Setmana del Carav\u00e0ning podreu aconseguir\u00a0<strong>Ofertes Especials amb els millors preus en caravanes, autocaravanes i campers nous, de segona m\u00e0, KM.0 i outlet.<\/strong><\/p>\n<p>A m\u00e9s disposareu d&#8217;una\u00a0<strong>Gran exposici\u00f3<\/strong>\u00a0en caravanes, autocaravanes i campers de les\u00a0<strong>millors marques del mercat<\/strong>\u00a0KNAUS, FENDT, PILOT, Weinsberg, BENIMAR, Tabbert, Frankia, Morelo, LEVOYAGEUR &#8230; La millor ocasi\u00f3 de l&#8217;any per reservar les teves vacances, al millor preu!<\/p>\n<p>I a la botiga M3 d&#8217;accessoris haureu\u00a0<strong>descomptes generalizos en productes del m\u00f3n del caravaning<\/strong>\u00a0(tendals, aven\u00e7os, portabicis, botigues cuina, aixovar, graons, l\u00edquids wc, etc) i trobareu una promoci\u00f3 especial a Articles d&#8217;C\u00e0mping, per comen\u00e7ar l&#8217;acampada de primavera amb tota l&#8217;equipaci\u00f3 necess\u00e0ria.<\/p>\n<p>Com a novetat, es presentar\u00e0 en exclusiva autocaravana de luxe\u00a0<strong>Morelo<\/strong>. En concret, el model Morelo Home carrozada en Iveco Daily amb una construcci\u00f3 d&#8217;alta gamma, equipada amb m\u00faltiples detalls de qualitat.<\/p>\n<p>En representaci\u00f3 del grup\u00a0<strong>KNAUS<\/strong>, s&#8217;exposar\u00e0 la nova gamma de caravanes Silver Selection i els autocaravanes Van I i Sun I, compactes i d&#8217;alta qualitat constructiva. I en\u00a0<strong>Weinsberg<\/strong>\u00a0destacaran els autocaravanes perfilats Caraloft, de fabricaci\u00f3 alemanya i amb un preu immillorable; i les caravanes Caratwo.<\/p>\n<p>Tamb\u00e9 hi seran presents les autocaravanes\u00a0<strong>BENIMAR<\/strong>, la marca m\u00e9s venuda a Espanya, amb models caputxins, perfilats i semi-integrals.<\/p>\n<p>I finalment, hi haur\u00e0 un ampli mostrari de caravanes\u00a0<strong>FENDT<\/strong>, que destaquen per la seva m\u00e1ximada qualitat en acabats, construcci\u00f3 i eleg\u00e0ncia.<\/p>\n<p>Amb tota aquesta exposici\u00f3, podr\u00e0 trobar el model que m\u00e9s s&#8217;ajusti a les seves necessitats.<\/p>\n<p>L&#8217;horari d&#8217;obertura ser\u00e0 de 10h a 19h el cap de setmana i els dies entre setmana s&#8217;obrir\u00e0 al p\u00fablic de 10h a 13h i de 16h a 20h.<\/p>\n<p>Direcci\u00f3 per arribar: M3 Caravaning Ctra. N-340 Km.1214,4 08720 Vilafranca del Pened\u00e8s (Barcelona). Des de Barcelona sortida 28 en AP-7 i des de Tarragona sortida 30 en AP-7.<\/p>\n<p>Long 01 48 53 Lat 41 desembre 21<\/p>\n<p>Google maps:\u00a0<a href=\"https:\/\/goo.gl\/J0BxED\">https:\/\/goo.gl\/J0BxED<\/a> (https:\/\/www.google.com\/maps\/place\/M3+Caravaning\/@41.3520599,1.7289033,17z\/data=!4m12!1m6!3m5!1s0x12a47987a0040a8d:0xf507090b891de278!2sM3+Caravaning!8m2!3d41.3520795!4d1.7310711!3m4!1s0x12a47987a0040a8d:0xf507090b891de278!8m2!3d41.3520795!4d1.7310711) Per a qualsevol dubte consultar amb nosaltres al tel. 938182500 o per email [punxant aqu\u00ed] (http:\/\/www.m3caravaning.com\/contacto.html)<\/p>\n","protected":false},"excerpt":{"rendered":"<p>No et perdis la Setmana del Carav\u00e0ning a Vilafranca del Pened\u00e8s que tindr\u00e0 lloc al recinte M3 CARAVANING, de l&#8217;11 al 18 de Mar\u00e7 del 2017. Durant la Setmana del Carav\u00e0ning podreu aconseguir\u00a0Ofertes Especials amb els millors preus en caravanes, autocaravanes i campers nous, de segona m\u00e0, KM.0 i outlet. A m\u00e9s disposareu d&#8217;una\u00a0Gran exposici\u00f3\u00a0en<\/p>\n","protected":false},"author":2,"featured_media":369,"comment_status":"closed","ping_status":"open","sticky":false,"template":"","format":"standard","meta":{"footnotes":""},"categories":[2],"tags":[],"class_list":["post-1025","post","type-post","status-publish","format-standard","has-post-thumbnail","hentry","category-sense-categoria"],"yoast_head":"<!-- This site is optimized with the Yoast SEO plugin v22.4 - https:\/\/yoast.com\/wordpress\/plugins\/seo\/ -->\n<title>Setmana del Caravaning del 11 al 18 de Mar\u00e7 del 2017 - Autocaravanas, caravanas y furgonetas campers nuevas, ocasi\u00f3n y segunda mano<\/title>\n<meta name=\"description\" content=\"M3 Caravaning presenta la setmana del Caravaning del 11 al 18 de Mar\u00e7 del 2017 pels amants del Caravaning en estat pur.\" \/>\n<meta name=\"robots\" content=\"index, follow, max-snippet:-1, max-image-preview:large, max-video-preview:-1\" \/>\n<link rel=\"canonical\" href=\"https:\/\/m3caravaning.com\/ca\/sense-categoria\/setmana-del-caravaning-del-11-al-18-de-marc-del-2017\/\" \/>\n<meta property=\"og:locale\" content=\"ca_ES\" \/>\n<meta property=\"og:type\" content=\"article\" \/>\n<meta property=\"og:title\" content=\"Setmana del Caravaning del 11 al 18 de Mar\u00e7 del 2017 - Autocaravanas, caravanas y furgonetas campers nuevas, ocasi\u00f3n y segunda mano\" \/>\n<meta property=\"og:description\" content=\"M3 Caravaning presenta la setmana del Caravaning del 11 al 18 de Mar\u00e7 del 2017 pels amants del Caravaning en estat pur.\" \/>\n<meta property=\"og:url\" content=\"https:\/\/m3caravaning.com\/ca\/sense-categoria\/setmana-del-caravaning-del-11-al-18-de-marc-del-2017\/\" \/>\n<meta property=\"og:site_name\" content=\"Autocaravanas, caravanas y furgonetas campers nuevas, ocasi\u00f3n y segunda mano\" \/>\n<meta property=\"article:publisher\" content=\"https:\/\/www.facebook.com\/m3caravaning\" \/>\n<meta property=\"article:published_time\" content=\"2017-03-03T08:09:16+00:00\" \/>\n<meta property=\"article:modified_time\" content=\"2021-06-15T10:32:39+00:00\" \/>\n<meta property=\"og:image\" content=\"https:\/\/m3caravaning.com\/wp-content\/uploads\/2021\/01\/semana-del-caravaning-del-11-al-18-de-marzo-id-59-scaled.jpg\" \/>\n\t<meta property=\"og:image:width\" content=\"2560\" \/>\n\t<meta property=\"og:image:height\" content=\"1637\" \/>\n\t<meta property=\"og:image:type\" content=\"image\/jpeg\" \/>\n<meta name=\"author\" content=\"M3 Caravaning\" \/>\n<meta name=\"twitter:card\" content=\"summary_large_image\" \/>\n<meta name=\"twitter:creator\" content=\"@M3Caravaning\" \/>\n<meta name=\"twitter:site\" content=\"@M3Caravaning\" \/>\n<meta name=\"twitter:label1\" content=\"Written by\" \/>\n\t<meta name=\"twitter:data1\" content=\"M3 Caravaning\" \/>\n\t<meta name=\"twitter:label2\" content=\"Est. reading time\" \/>\n\t<meta name=\"twitter:data2\" content=\"2 minutes\" \/>\n<script type=\"application\/ld+json\" class=\"yoast-schema-graph\">{\"@context\":\"https:\/\/schema.org\",\"@graph\":[{\"@type\":\"WebPage\",\"@id\":\"https:\/\/m3caravaning.com\/ca\/sense-categoria\/setmana-del-caravaning-del-11-al-18-de-marc-del-2017\/\",\"url\":\"https:\/\/m3caravaning.com\/ca\/sense-categoria\/setmana-del-caravaning-del-11-al-18-de-marc-del-2017\/\",\"name\":\"Setmana del Caravaning del 11 al 18 de Mar\u00e7 del 2017 - Autocaravanas, caravanas y furgonetas campers nuevas, ocasi\u00f3n y segunda mano\",\"isPartOf\":{\"@id\":\"https:\/\/m3caravaning.com\/ca\/#website\"},\"primaryImageOfPage\":{\"@id\":\"https:\/\/m3caravaning.com\/ca\/sense-categoria\/setmana-del-caravaning-del-11-al-18-de-marc-del-2017\/#primaryimage\"},\"image\":{\"@id\":\"https:\/\/m3caravaning.com\/ca\/sense-categoria\/setmana-del-caravaning-del-11-al-18-de-marc-del-2017\/#primaryimage\"},\"thumbnailUrl\":\"https:\/\/m3caravaning.com\/wp-content\/uploads\/2021\/01\/semana-del-caravaning-del-11-al-18-de-marzo-id-59-scaled.jpg\",\"datePublished\":\"2017-03-03T08:09:16+00:00\",\"dateModified\":\"2021-06-15T10:32:39+00:00\",\"author\":{\"@id\":\"https:\/\/m3caravaning.com\/ca\/#\/schema\/person\/10e5f1edce4be1f414d4bde1bcf0c65f\"},\"description\":\"M3 Caravaning presenta la setmana del Caravaning del 11 al 18 de Mar\u00e7 del 2017 pels amants del Caravaning en estat pur.\",\"breadcrumb\":{\"@id\":\"https:\/\/m3caravaning.com\/ca\/sense-categoria\/setmana-del-caravaning-del-11-al-18-de-marc-del-2017\/#breadcrumb\"},\"inLanguage\":\"ca\",\"potentialAction\":[{\"@type\":\"ReadAction\",\"target\":[\"https:\/\/m3caravaning.com\/ca\/sense-categoria\/setmana-del-caravaning-del-11-al-18-de-marc-del-2017\/\"]}]},{\"@type\":\"ImageObject\",\"inLanguage\":\"ca\",\"@id\":\"https:\/\/m3caravaning.com\/ca\/sense-categoria\/setmana-del-caravaning-del-11-al-18-de-marc-del-2017\/#primaryimage\",\"url\":\"https:\/\/m3caravaning.com\/wp-content\/uploads\/2021\/01\/semana-del-caravaning-del-11-al-18-de-marzo-id-59-scaled.jpg\",\"contentUrl\":\"https:\/\/m3caravaning.com\/wp-content\/uploads\/2021\/01\/semana-del-caravaning-del-11-al-18-de-marzo-id-59-scaled.jpg\",\"width\":2560,\"height\":1637},{\"@type\":\"BreadcrumbList\",\"@id\":\"https:\/\/m3caravaning.com\/ca\/sense-categoria\/setmana-del-caravaning-del-11-al-18-de-marc-del-2017\/#breadcrumb\",\"itemListElement\":[{\"@type\":\"ListItem\",\"position\":1,\"name\":\"Portada\",\"item\":\"https:\/\/m3caravaning.com\/ca\/\"},{\"@type\":\"ListItem\",\"position\":2,\"name\":\"Setmana del Caravaning del 11 al 18 de Mar\u00e7 del 2017\"}]},{\"@type\":\"WebSite\",\"@id\":\"https:\/\/m3caravaning.com\/ca\/#website\",\"url\":\"https:\/\/m3caravaning.com\/ca\/\",\"name\":\"Autocaravanas, caravanas y furgonetas campers nuevas, ocasi\u00f3n y segunda mano\",\"description\":\"Tu tienda de autocaravanas, campers y caravanas nuevas y de segunda mano. Alquiler, tienda de recambios, taller, seguros, etc.\",\"potentialAction\":[{\"@type\":\"SearchAction\",\"target\":{\"@type\":\"EntryPoint\",\"urlTemplate\":\"https:\/\/m3caravaning.com\/ca\/?s={search_term_string}\"},\"query-input\":\"required name=search_term_string\"}],\"inLanguage\":\"ca\"},{\"@type\":\"Person\",\"@id\":\"https:\/\/m3caravaning.com\/ca\/#\/schema\/person\/10e5f1edce4be1f414d4bde1bcf0c65f\",\"name\":\"M3 Caravaning\",\"image\":{\"@type\":\"ImageObject\",\"inLanguage\":\"ca\",\"@id\":\"https:\/\/m3caravaning.com\/ca\/#\/schema\/person\/image\/\",\"url\":\"https:\/\/secure.gravatar.com\/avatar\/45cc9e7bfaa20654bd7626e499aa306a8db18ee338763b6b771e707ccbeef54c?s=96&d=mm&r=g\",\"contentUrl\":\"https:\/\/secure.gravatar.com\/avatar\/45cc9e7bfaa20654bd7626e499aa306a8db18ee338763b6b771e707ccbeef54c?s=96&d=mm&r=g\",\"caption\":\"M3 Caravaning\"}}]}<\/script>\n<!-- \/ Yoast SEO plugin. -->","yoast_head_json":{"title":"Setmana del Caravaning del 11 al 18 de Mar\u00e7 del 2017 - Autocaravanas, caravanas y furgonetas campers nuevas, ocasi\u00f3n y segunda mano","description":"M3 Caravaning presenta la setmana del Caravaning del 11 al 18 de Mar\u00e7 del 2017 pels amants del Caravaning en estat pur.","robots":{"index":"index","follow":"follow","max-snippet":"max-snippet:-1","max-image-preview":"max-image-preview:large","max-video-preview":"max-video-preview:-1"},"canonical":"https:\/\/m3caravaning.com\/ca\/sense-categoria\/setmana-del-caravaning-del-11-al-18-de-marc-del-2017\/","og_locale":"ca_ES","og_type":"article","og_title":"Setmana del Caravaning del 11 al 18 de Mar\u00e7 del 2017 - Autocaravanas, caravanas y furgonetas campers nuevas, ocasi\u00f3n y segunda mano","og_description":"M3 Caravaning presenta la setmana del Caravaning del 11 al 18 de Mar\u00e7 del 2017 pels amants del Caravaning en estat pur.","og_url":"https:\/\/m3caravaning.com\/ca\/sense-categoria\/setmana-del-caravaning-del-11-al-18-de-marc-del-2017\/","og_site_name":"Autocaravanas, caravanas y furgonetas campers nuevas, ocasi\u00f3n y segunda mano","article_publisher":"https:\/\/www.facebook.com\/m3caravaning","article_published_time":"2017-03-03T08:09:16+00:00","article_modified_time":"2021-06-15T10:32:39+00:00","og_image":[{"width":2560,"height":1637,"url":"https:\/\/m3caravaning.com\/wp-content\/uploads\/2021\/01\/semana-del-caravaning-del-11-al-18-de-marzo-id-59-scaled.jpg","type":"image\/jpeg"}],"author":"M3 Caravaning","twitter_card":"summary_large_image","twitter_creator":"@M3Caravaning","twitter_site":"@M3Caravaning","twitter_misc":{"Written by":"M3 Caravaning","Est. reading time":"2 minutes"},"schema":{"@context":"https:\/\/schema.org","@graph":[{"@type":"WebPage","@id":"https:\/\/m3caravaning.com\/ca\/sense-categoria\/setmana-del-caravaning-del-11-al-18-de-marc-del-2017\/","url":"https:\/\/m3caravaning.com\/ca\/sense-categoria\/setmana-del-caravaning-del-11-al-18-de-marc-del-2017\/","name":"Setmana del Caravaning del 11 al 18 de Mar\u00e7 del 2017 - Autocaravanas, caravanas y furgonetas campers nuevas, ocasi\u00f3n y segunda mano","isPartOf":{"@id":"https:\/\/m3caravaning.com\/ca\/#website"},"primaryImageOfPage":{"@id":"https:\/\/m3caravaning.com\/ca\/sense-categoria\/setmana-del-caravaning-del-11-al-18-de-marc-del-2017\/#primaryimage"},"image":{"@id":"https:\/\/m3caravaning.com\/ca\/sense-categoria\/setmana-del-caravaning-del-11-al-18-de-marc-del-2017\/#primaryimage"},"thumbnailUrl":"https:\/\/m3caravaning.com\/wp-content\/uploads\/2021\/01\/semana-del-caravaning-del-11-al-18-de-marzo-id-59-scaled.jpg","datePublished":"2017-03-03T08:09:16+00:00","dateModified":"2021-06-15T10:32:39+00:00","author":{"@id":"https:\/\/m3caravaning.com\/ca\/#\/schema\/person\/10e5f1edce4be1f414d4bde1bcf0c65f"},"description":"M3 Caravaning presenta la setmana del Caravaning del 11 al 18 de Mar\u00e7 del 2017 pels amants del Caravaning en estat pur.","breadcrumb":{"@id":"https:\/\/m3caravaning.com\/ca\/sense-categoria\/setmana-del-caravaning-del-11-al-18-de-marc-del-2017\/#breadcrumb"},"inLanguage":"ca","potentialAction":[{"@type":"ReadAction","target":["https:\/\/m3caravaning.com\/ca\/sense-categoria\/setmana-del-caravaning-del-11-al-18-de-marc-del-2017\/"]}]},{"@type":"ImageObject","inLanguage":"ca","@id":"https:\/\/m3caravaning.com\/ca\/sense-categoria\/setmana-del-caravaning-del-11-al-18-de-marc-del-2017\/#primaryimage","url":"https:\/\/m3caravaning.com\/wp-content\/uploads\/2021\/01\/semana-del-caravaning-del-11-al-18-de-marzo-id-59-scaled.jpg","contentUrl":"https:\/\/m3caravaning.com\/wp-content\/uploads\/2021\/01\/semana-del-caravaning-del-11-al-18-de-marzo-id-59-scaled.jpg","width":2560,"height":1637},{"@type":"BreadcrumbList","@id":"https:\/\/m3caravaning.com\/ca\/sense-categoria\/setmana-del-caravaning-del-11-al-18-de-marc-del-2017\/#breadcrumb","itemListElement":[{"@type":"ListItem","position":1,"name":"Portada","item":"https:\/\/m3caravaning.com\/ca\/"},{"@type":"ListItem","position":2,"name":"Setmana del Caravaning del 11 al 18 de Mar\u00e7 del 2017"}]},{"@type":"WebSite","@id":"https:\/\/m3caravaning.com\/ca\/#website","url":"https:\/\/m3caravaning.com\/ca\/","name":"Autocaravanas, caravanas y furgonetas campers nuevas, ocasi\u00f3n y segunda mano","description":"Tu tienda de autocaravanas, campers y caravanas nuevas y de segunda mano. Alquiler, tienda de recambios, taller, seguros, etc.","potentialAction":[{"@type":"SearchAction","target":{"@type":"EntryPoint","urlTemplate":"https:\/\/m3caravaning.com\/ca\/?s={search_term_string}"},"query-input":"required name=search_term_string"}],"inLanguage":"ca"},{"@type":"Person","@id":"https:\/\/m3caravaning.com\/ca\/#\/schema\/person\/10e5f1edce4be1f414d4bde1bcf0c65f","name":"M3 Caravaning","image":{"@type":"ImageObject","inLanguage":"ca","@id":"https:\/\/m3caravaning.com\/ca\/#\/schema\/person\/image\/","url":"https:\/\/secure.gravatar.com\/avatar\/45cc9e7bfaa20654bd7626e499aa306a8db18ee338763b6b771e707ccbeef54c?s=96&d=mm&r=g","contentUrl":"https:\/\/secure.gravatar.com\/avatar\/45cc9e7bfaa20654bd7626e499aa306a8db18ee338763b6b771e707ccbeef54c?s=96&d=mm&r=g","caption":"M3 Caravaning"}}]}},"_links":{"self":[{"href":"https:\/\/m3caravaning.com\/ca\/wp-json\/wp\/v2\/posts\/1025","targetHints":{"allow":["GET"]}}],"collection":[{"href":"https:\/\/m3caravaning.com\/ca\/wp-json\/wp\/v2\/posts"}],"about":[{"href":"https:\/\/m3caravaning.com\/ca\/wp-json\/wp\/v2\/types\/post"}],"author":[{"embeddable":true,"href":"https:\/\/m3caravaning.com\/ca\/wp-json\/wp\/v2\/users\/2"}],"replies":[{"embeddable":true,"href":"https:\/\/m3caravaning.com\/ca\/wp-json\/wp\/v2\/comments?post=1025"}],"version-history":[{"count":0,"href":"https:\/\/m3caravaning.com\/ca\/wp-json\/wp\/v2\/posts\/1025\/revisions"}],"wp:featuredmedia":[{"embeddable":true,"href":"https:\/\/m3caravaning.com\/ca\/wp-json\/wp\/v2\/media\/369"}],"wp:attachment":[{"href":"https:\/\/m3caravaning.com\/ca\/wp-json\/wp\/v2\/media?parent=1025"}],"wp:term":[{"taxonomy":"category","embeddable":true,"href":"https:\/\/m3caravaning.com\/ca\/wp-json\/wp\/v2\/categories?post=1025"},{"taxonomy":"post_tag","embeddable":true,"href":"https:\/\/m3caravaning.com\/ca\/wp-json\/wp\/v2\/tags?post=1025"}],"curies":[{"name":"wp","href":"https:\/\/api.w.org\/{rel}","templated":true}]}}