





{"id":10191,"date":"2020-10-21T10:43:46","date_gmt":"2020-10-21T08:43:46","guid":{"rendered":"https:\/\/m3caravaning.com\/?p=10191"},"modified":"2024-05-27T12:11:16","modified_gmt":"2024-05-27T10:11:16","slug":"rutes-en-caravana-autocaravana-o-furgoneta-camper-a-la-tardor","status":"publish","type":"post","link":"https:\/\/m3caravaning.com\/ca\/autocaravanes\/rutes-en-caravana-autocaravana-o-furgoneta-camper-a-la-tardor\/","title":{"rendered":"Rutes en caravana, autocaravana o furgoneta camper a la tardor"},"content":{"rendered":"<p>\u00c9s la tardor, una de les estacions m\u00e9s especials per a escapades en fam\u00edlia i amics en grups redu\u00efts. La tardor t\u00e9 una cosa molt especial, i \u00e9s la gran tonalitat de colors que mostra gr\u00e0cies al clima humit i fred que provoca que les fulles dels arbres caiguin i canvi\u00efn de color. Per aquest motiu, presentem en aquest article una selecci\u00f3 de rutes en caravana, autocaravana o furgoneta camper a la tardor.<\/p>\n<p>Estem en una situaci\u00f3 dif\u00edcil de pand\u00e8mia, on les visites tur\u00edstiques a hotels o apartaments poden no ser del tot segures per a la nostra salut. Per aix\u00f2, volem presentar-te una bona alternativa,\u00a0<strong>comprar una caravana, autocaravana o furgoneta camper<\/strong>.<\/p>\n<p>Aquesta forma de viatjar \u00e9s actualment una de les millors opcions ja que es pot passar un cap de setmana tranquil envoltat de natura, fer una aventura i anar a llocs d&#8217;Espanya on \u00e9s habitual fer activitats esportives com rutes en bicicleta de muntanya o senderisme.<\/p>\n<div id=\"ez-toc-container\" class=\"ez-toc-v2_0_82_2 counter-hierarchy ez-toc-counter ez-toc-custom ez-toc-container-direction\">\n<div class=\"ez-toc-title-container\">\n<p class=\"ez-toc-title ez-toc-toggle\" style=\"cursor:pointer\">Tabla de contenido<\/p>\n<span class=\"ez-toc-title-toggle\"><\/span><\/div>\n<nav><ul class='ez-toc-list ez-toc-list-level-1 ' ><li class='ez-toc-page-1 ez-toc-heading-level-2'><a class=\"ez-toc-link ez-toc-heading-1\" href=\"https:\/\/m3caravaning.com\/ca\/autocaravanes\/rutes-en-caravana-autocaravana-o-furgoneta-camper-a-la-tardor\/#Cap_de_setmana_en_caravana_autocaravana_o_furgoneta_camper\" >Cap de setmana en caravana, autocaravana o furgoneta camper<\/a><\/li><li class='ez-toc-page-1 ez-toc-heading-level-2'><a class=\"ez-toc-link ez-toc-heading-2\" href=\"https:\/\/m3caravaning.com\/ca\/autocaravanes\/rutes-en-caravana-autocaravana-o-furgoneta-camper-a-la-tardor\/#Lloguer_dautocaravanes\" >Lloguer d&#8217;autocaravanes<\/a><\/li><li class='ez-toc-page-1 ez-toc-heading-level-2'><a class=\"ez-toc-link ez-toc-heading-3\" href=\"https:\/\/m3caravaning.com\/ca\/autocaravanes\/rutes-en-caravana-autocaravana-o-furgoneta-camper-a-la-tardor\/#Comprar_una_caravana_autocaravana_o_furgoneta_camper\" >Comprar una caravana, autocaravana o furgoneta camper<\/a><\/li><\/ul><\/nav><\/div>\n<h2><span class=\"ez-toc-section\" id=\"Cap_de_setmana_en_caravana_autocaravana_o_furgoneta_camper\"><\/span>Cap de setmana en caravana, autocaravana o furgoneta camper<span class=\"ez-toc-section-end\"><\/span><\/h2>\n<p>Si el que busques \u00e9s un cap de setmana tranquil et recomanem una destinaci\u00f3 que segurament t&#8217;agradar\u00e0 molt. Aquesta destinaci\u00f3 \u00e9s la Garrotxa, a Catalunya. A la Garrotxa trobar\u00e0s molts c\u00e0mpings on podr\u00e0s\u00a0<strong>aparcar i passar la nit amb la teva caravana, autocaravana o furgoneta camper<\/strong>.\u00a0<a href=\"https:\/\/campinglava.com\/\">Recomanem C\u00e0mping Lava que t\u00e9 tot el necessari i \u00e9s el que t\u00e9 la millor ubicaci\u00f3. A prop de Santa Pau es troba el Parc Natural Volc\u00e0nic de la Garrotxa, un lloc incre\u00efble per desconnectar.<\/a>\u00a0I si busques una experi\u00e8ncia de cap de setmana aventurera et recomanem que viatgis al Pa\u00eds Basc, a Zarauz. All\u00e0 trobar\u00e0s un dels pobles m\u00e9s bonics del nord d&#8217;Espanya.<\/p>\n<img fetchpriority=\"high\" decoding=\"async\" class=\"alignnone size-medium wp-image-10189\" src=\"https:\/\/m3caravaning.com\/wp-content\/uploads\/2021\/03\/rutasenotono.jpg\" alt=\"\" width=\"300\" height=\"200\" srcset=\"https:\/\/m3caravaning.com\/wp-content\/uploads\/2021\/03\/rutasenotono.jpg 1300w, https:\/\/m3caravaning.com\/wp-content\/uploads\/2021\/03\/rutasenotono-600x400.jpg 600w\" sizes=\"(max-width: 300px) 100vw, 300px\" \/>\n<p>Durant la nit amb la teva caravana, autocaravana o furgoneta camper a Zarauz estar\u00e0s tranquil, ja que hi ha dos c\u00e0mpings. Trobem el c\u00e0mping Talai Mendi i el Gran Camping Zarautz. Tamb\u00e9 s&#8217;ofereixen activitats com ara ciclisme i surf. Cal destacar que Zarauz t\u00e9 una de les millors platges de surf d&#8217;Espanya, de manera que us ho passareu d&#8217;all\u00f2 m\u00e9s b\u00e9.<\/p>\n<h2><span class=\"ez-toc-section\" id=\"Lloguer_dautocaravanes\"><\/span>Lloguer d&#8217;autocaravanes<span class=\"ez-toc-section-end\"><\/span><\/h2>\n<p><a href=\"https:\/\/m3caravaning.com\/ca\/lloguer-dautocaravanes-i-furgonetes-camper\/\">Ara mateix \u00e9s un bon moment per llogar autocaravanes<\/a>, ja que no \u00e9s tan car com en les temporades de primavera i estiu. A M3 Caravaning disposem d&#8217;una gran flota d&#8217;autocaravanes i furgonetes camper de lloguer.<br \/>\nDins d&#8217;aquestes tres classes de vehicles trobareu diferents gammes. Si el que busques \u00e9s una mica m\u00e9s de luxe trobar\u00e0s la gamma Luxury,i si vols alguna cosa normal tens disponible les gammes Confort (fins a 4 persones) i Family (fins a 6 persones).<\/p>\n<h2><span class=\"ez-toc-section\" id=\"Comprar_una_caravana_autocaravana_o_furgoneta_camper\"><\/span>Comprar una caravana, autocaravana o furgoneta camper<span class=\"ez-toc-section-end\"><\/span><\/h2>\n<p>Abans de comprar una caravana,autocaravana o furgoneta camper has de tenir clar el que necessites, ja que pots trobar un ampli cat\u00e0leg de marques i models amb diferents preus que s&#8217;adaptin a les teves necessitats. Un altre factor a tenir en compte \u00e9s si vols que sigui de segona m\u00e0 o totalment fora de la f\u00e0brica. A M3 Caravaning t&#8217;ajudarem a triar amb total confian\u00e7a i et garantirem que la teva elecci\u00f3 sigui totalment encertada.<\/p>\n","protected":false},"excerpt":{"rendered":"<p>\u00c9s la tardor, una de les estacions m\u00e9s especials per a escapades en fam\u00edlia i amics en grups redu\u00efts. La tardor t\u00e9 una cosa molt especial, i \u00e9s la gran tonalitat de colors que mostra gr\u00e0cies al clima humit i fred que provoca que les fulles dels arbres caiguin i canvi\u00efn de color. Per aquest<\/p>\n","protected":false},"author":2,"featured_media":636116,"comment_status":"closed","ping_status":"open","sticky":false,"template":"","format":"standard","meta":{"footnotes":""},"categories":[15,16,17],"tags":[],"class_list":["post-10191","post","type-post","status-publish","format-standard","has-post-thumbnail","hentry","category-autocaravanes","category-campers-ca","category-caravanes"],"yoast_head":"<!-- This site is optimized with the Yoast SEO plugin v22.4 - https:\/\/yoast.com\/wordpress\/plugins\/seo\/ -->\n<title>Rutes en caravana, autocaravana o furgoneta camper a la tardor - Autocaravanas, caravanas y furgonetas campers nuevas, ocasi\u00f3n y segunda mano<\/title>\n<meta name=\"robots\" content=\"index, follow, max-snippet:-1, max-image-preview:large, max-video-preview:-1\" \/>\n<link rel=\"canonical\" href=\"https:\/\/m3caravaning.com\/ca\/autocaravanes\/rutes-en-caravana-autocaravana-o-furgoneta-camper-a-la-tardor\/\" \/>\n<meta property=\"og:locale\" content=\"ca_ES\" \/>\n<meta property=\"og:type\" content=\"article\" \/>\n<meta property=\"og:title\" content=\"Rutes en caravana, autocaravana o furgoneta camper a la tardor - Autocaravanas, caravanas y furgonetas campers nuevas, ocasi\u00f3n y segunda mano\" \/>\n<meta property=\"og:description\" content=\"\u00c9s la tardor, una de les estacions m\u00e9s especials per a escapades en fam\u00edlia i amics en grups redu\u00efts. La tardor t\u00e9 una cosa molt especial, i \u00e9s la gran tonalitat de colors que mostra gr\u00e0cies al clima humit i fred que provoca que les fulles dels arbres caiguin i canvi\u00efn de color. Per aquest\" \/>\n<meta property=\"og:url\" content=\"https:\/\/m3caravaning.com\/ca\/autocaravanes\/rutes-en-caravana-autocaravana-o-furgoneta-camper-a-la-tardor\/\" \/>\n<meta property=\"og:site_name\" content=\"Autocaravanas, caravanas y furgonetas campers nuevas, ocasi\u00f3n y segunda mano\" \/>\n<meta property=\"article:publisher\" content=\"https:\/\/www.facebook.com\/m3caravaning\" \/>\n<meta property=\"article:published_time\" content=\"2020-10-21T08:43:46+00:00\" \/>\n<meta property=\"article:modified_time\" content=\"2024-05-27T10:11:16+00:00\" \/>\n<meta property=\"og:image\" content=\"https:\/\/m3caravaning.com\/wp-content\/uploads\/2021\/01\/rutas-en-caravana-autocaravana-o-furgoneta-camper-en-otono-id-436.jpg\" \/>\n\t<meta property=\"og:image:width\" content=\"1299\" \/>\n\t<meta property=\"og:image:height\" content=\"653\" \/>\n\t<meta property=\"og:image:type\" content=\"image\/jpeg\" \/>\n<meta name=\"author\" content=\"M3 Caravaning\" \/>\n<meta name=\"twitter:card\" content=\"summary_large_image\" \/>\n<meta name=\"twitter:creator\" content=\"@M3Caravaning\" \/>\n<meta name=\"twitter:site\" content=\"@M3Caravaning\" \/>\n<meta name=\"twitter:label1\" content=\"Written by\" \/>\n\t<meta name=\"twitter:data1\" content=\"M3 Caravaning\" \/>\n\t<meta name=\"twitter:label2\" content=\"Est. reading time\" \/>\n\t<meta name=\"twitter:data2\" content=\"3 minutes\" \/>\n<script type=\"application\/ld+json\" class=\"yoast-schema-graph\">{\"@context\":\"https:\/\/schema.org\",\"@graph\":[{\"@type\":\"WebPage\",\"@id\":\"https:\/\/m3caravaning.com\/ca\/autocaravanes\/rutes-en-caravana-autocaravana-o-furgoneta-camper-a-la-tardor\/\",\"url\":\"https:\/\/m3caravaning.com\/ca\/autocaravanes\/rutes-en-caravana-autocaravana-o-furgoneta-camper-a-la-tardor\/\",\"name\":\"Rutes en caravana, autocaravana o furgoneta camper a la tardor - Autocaravanas, caravanas y furgonetas campers nuevas, ocasi\u00f3n y segunda mano\",\"isPartOf\":{\"@id\":\"https:\/\/m3caravaning.com\/ca\/#website\"},\"primaryImageOfPage\":{\"@id\":\"https:\/\/m3caravaning.com\/ca\/autocaravanes\/rutes-en-caravana-autocaravana-o-furgoneta-camper-a-la-tardor\/#primaryimage\"},\"image\":{\"@id\":\"https:\/\/m3caravaning.com\/ca\/autocaravanes\/rutes-en-caravana-autocaravana-o-furgoneta-camper-a-la-tardor\/#primaryimage\"},\"thumbnailUrl\":\"https:\/\/m3caravaning.com\/wp-content\/uploads\/2020\/10\/rutas-autocaravana-otono.webp\",\"datePublished\":\"2020-10-21T08:43:46+00:00\",\"dateModified\":\"2024-05-27T10:11:16+00:00\",\"author\":{\"@id\":\"https:\/\/m3caravaning.com\/ca\/#\/schema\/person\/10e5f1edce4be1f414d4bde1bcf0c65f\"},\"breadcrumb\":{\"@id\":\"https:\/\/m3caravaning.com\/ca\/autocaravanes\/rutes-en-caravana-autocaravana-o-furgoneta-camper-a-la-tardor\/#breadcrumb\"},\"inLanguage\":\"ca\",\"potentialAction\":[{\"@type\":\"ReadAction\",\"target\":[\"https:\/\/m3caravaning.com\/ca\/autocaravanes\/rutes-en-caravana-autocaravana-o-furgoneta-camper-a-la-tardor\/\"]}]},{\"@type\":\"ImageObject\",\"inLanguage\":\"ca\",\"@id\":\"https:\/\/m3caravaning.com\/ca\/autocaravanes\/rutes-en-caravana-autocaravana-o-furgoneta-camper-a-la-tardor\/#primaryimage\",\"url\":\"https:\/\/m3caravaning.com\/wp-content\/uploads\/2020\/10\/rutas-autocaravana-otono.webp\",\"contentUrl\":\"https:\/\/m3caravaning.com\/wp-content\/uploads\/2020\/10\/rutas-autocaravana-otono.webp\",\"width\":1200,\"height\":640,\"caption\":\"Rutas en autocaravana en Oto\u00f1o\"},{\"@type\":\"BreadcrumbList\",\"@id\":\"https:\/\/m3caravaning.com\/ca\/autocaravanes\/rutes-en-caravana-autocaravana-o-furgoneta-camper-a-la-tardor\/#breadcrumb\",\"itemListElement\":[{\"@type\":\"ListItem\",\"position\":1,\"name\":\"Portada\",\"item\":\"https:\/\/m3caravaning.com\/ca\/\"},{\"@type\":\"ListItem\",\"position\":2,\"name\":\"Rutes en caravana, autocaravana o furgoneta camper a la tardor\"}]},{\"@type\":\"WebSite\",\"@id\":\"https:\/\/m3caravaning.com\/ca\/#website\",\"url\":\"https:\/\/m3caravaning.com\/ca\/\",\"name\":\"Autocaravanas, caravanas y furgonetas campers nuevas, ocasi\u00f3n y segunda mano\",\"description\":\"Tu tienda de autocaravanas, campers y caravanas nuevas y de segunda mano. Alquiler, tienda de recambios, taller, seguros, etc.\",\"potentialAction\":[{\"@type\":\"SearchAction\",\"target\":{\"@type\":\"EntryPoint\",\"urlTemplate\":\"https:\/\/m3caravaning.com\/ca\/?s={search_term_string}\"},\"query-input\":\"required name=search_term_string\"}],\"inLanguage\":\"ca\"},{\"@type\":\"Person\",\"@id\":\"https:\/\/m3caravaning.com\/ca\/#\/schema\/person\/10e5f1edce4be1f414d4bde1bcf0c65f\",\"name\":\"M3 Caravaning\",\"image\":{\"@type\":\"ImageObject\",\"inLanguage\":\"ca\",\"@id\":\"https:\/\/m3caravaning.com\/ca\/#\/schema\/person\/image\/\",\"url\":\"https:\/\/secure.gravatar.com\/avatar\/45cc9e7bfaa20654bd7626e499aa306a8db18ee338763b6b771e707ccbeef54c?s=96&d=mm&r=g\",\"contentUrl\":\"https:\/\/secure.gravatar.com\/avatar\/45cc9e7bfaa20654bd7626e499aa306a8db18ee338763b6b771e707ccbeef54c?s=96&d=mm&r=g\",\"caption\":\"M3 Caravaning\"}}]}<\/script>\n<!-- \/ Yoast SEO plugin. -->","yoast_head_json":{"title":"Rutes en caravana, autocaravana o furgoneta camper a la tardor - Autocaravanas, caravanas y furgonetas campers nuevas, ocasi\u00f3n y segunda mano","robots":{"index":"index","follow":"follow","max-snippet":"max-snippet:-1","max-image-preview":"max-image-preview:large","max-video-preview":"max-video-preview:-1"},"canonical":"https:\/\/m3caravaning.com\/ca\/autocaravanes\/rutes-en-caravana-autocaravana-o-furgoneta-camper-a-la-tardor\/","og_locale":"ca_ES","og_type":"article","og_title":"Rutes en caravana, autocaravana o furgoneta camper a la tardor - Autocaravanas, caravanas y furgonetas campers nuevas, ocasi\u00f3n y segunda mano","og_description":"\u00c9s la tardor, una de les estacions m\u00e9s especials per a escapades en fam\u00edlia i amics en grups redu\u00efts. La tardor t\u00e9 una cosa molt especial, i \u00e9s la gran tonalitat de colors que mostra gr\u00e0cies al clima humit i fred que provoca que les fulles dels arbres caiguin i canvi\u00efn de color. Per aquest","og_url":"https:\/\/m3caravaning.com\/ca\/autocaravanes\/rutes-en-caravana-autocaravana-o-furgoneta-camper-a-la-tardor\/","og_site_name":"Autocaravanas, caravanas y furgonetas campers nuevas, ocasi\u00f3n y segunda mano","article_publisher":"https:\/\/www.facebook.com\/m3caravaning","article_published_time":"2020-10-21T08:43:46+00:00","article_modified_time":"2024-05-27T10:11:16+00:00","og_image":[{"width":1299,"height":653,"url":"https:\/\/m3caravaning.com\/wp-content\/uploads\/2021\/01\/rutas-en-caravana-autocaravana-o-furgoneta-camper-en-otono-id-436.jpg","type":"image\/jpeg"}],"author":"M3 Caravaning","twitter_card":"summary_large_image","twitter_creator":"@M3Caravaning","twitter_site":"@M3Caravaning","twitter_misc":{"Written by":"M3 Caravaning","Est. reading time":"3 minutes"},"schema":{"@context":"https:\/\/schema.org","@graph":[{"@type":"WebPage","@id":"https:\/\/m3caravaning.com\/ca\/autocaravanes\/rutes-en-caravana-autocaravana-o-furgoneta-camper-a-la-tardor\/","url":"https:\/\/m3caravaning.com\/ca\/autocaravanes\/rutes-en-caravana-autocaravana-o-furgoneta-camper-a-la-tardor\/","name":"Rutes en caravana, autocaravana o furgoneta camper a la tardor - Autocaravanas, caravanas y furgonetas campers nuevas, ocasi\u00f3n y segunda mano","isPartOf":{"@id":"https:\/\/m3caravaning.com\/ca\/#website"},"primaryImageOfPage":{"@id":"https:\/\/m3caravaning.com\/ca\/autocaravanes\/rutes-en-caravana-autocaravana-o-furgoneta-camper-a-la-tardor\/#primaryimage"},"image":{"@id":"https:\/\/m3caravaning.com\/ca\/autocaravanes\/rutes-en-caravana-autocaravana-o-furgoneta-camper-a-la-tardor\/#primaryimage"},"thumbnailUrl":"https:\/\/m3caravaning.com\/wp-content\/uploads\/2020\/10\/rutas-autocaravana-otono.webp","datePublished":"2020-10-21T08:43:46+00:00","dateModified":"2024-05-27T10:11:16+00:00","author":{"@id":"https:\/\/m3caravaning.com\/ca\/#\/schema\/person\/10e5f1edce4be1f414d4bde1bcf0c65f"},"breadcrumb":{"@id":"https:\/\/m3caravaning.com\/ca\/autocaravanes\/rutes-en-caravana-autocaravana-o-furgoneta-camper-a-la-tardor\/#breadcrumb"},"inLanguage":"ca","potentialAction":[{"@type":"ReadAction","target":["https:\/\/m3caravaning.com\/ca\/autocaravanes\/rutes-en-caravana-autocaravana-o-furgoneta-camper-a-la-tardor\/"]}]},{"@type":"ImageObject","inLanguage":"ca","@id":"https:\/\/m3caravaning.com\/ca\/autocaravanes\/rutes-en-caravana-autocaravana-o-furgoneta-camper-a-la-tardor\/#primaryimage","url":"https:\/\/m3caravaning.com\/wp-content\/uploads\/2020\/10\/rutas-autocaravana-otono.webp","contentUrl":"https:\/\/m3caravaning.com\/wp-content\/uploads\/2020\/10\/rutas-autocaravana-otono.webp","width":1200,"height":640,"caption":"Rutas en autocaravana en Oto\u00f1o"},{"@type":"BreadcrumbList","@id":"https:\/\/m3caravaning.com\/ca\/autocaravanes\/rutes-en-caravana-autocaravana-o-furgoneta-camper-a-la-tardor\/#breadcrumb","itemListElement":[{"@type":"ListItem","position":1,"name":"Portada","item":"https:\/\/m3caravaning.com\/ca\/"},{"@type":"ListItem","position":2,"name":"Rutes en caravana, autocaravana o furgoneta camper a la tardor"}]},{"@type":"WebSite","@id":"https:\/\/m3caravaning.com\/ca\/#website","url":"https:\/\/m3caravaning.com\/ca\/","name":"Autocaravanas, caravanas y furgonetas campers nuevas, ocasi\u00f3n y segunda mano","description":"Tu tienda de autocaravanas, campers y caravanas nuevas y de segunda mano. Alquiler, tienda de recambios, taller, seguros, etc.","potentialAction":[{"@type":"SearchAction","target":{"@type":"EntryPoint","urlTemplate":"https:\/\/m3caravaning.com\/ca\/?s={search_term_string}"},"query-input":"required name=search_term_string"}],"inLanguage":"ca"},{"@type":"Person","@id":"https:\/\/m3caravaning.com\/ca\/#\/schema\/person\/10e5f1edce4be1f414d4bde1bcf0c65f","name":"M3 Caravaning","image":{"@type":"ImageObject","inLanguage":"ca","@id":"https:\/\/m3caravaning.com\/ca\/#\/schema\/person\/image\/","url":"https:\/\/secure.gravatar.com\/avatar\/45cc9e7bfaa20654bd7626e499aa306a8db18ee338763b6b771e707ccbeef54c?s=96&d=mm&r=g","contentUrl":"https:\/\/secure.gravatar.com\/avatar\/45cc9e7bfaa20654bd7626e499aa306a8db18ee338763b6b771e707ccbeef54c?s=96&d=mm&r=g","caption":"M3 Caravaning"}}]}},"_links":{"self":[{"href":"https:\/\/m3caravaning.com\/ca\/wp-json\/wp\/v2\/posts\/10191","targetHints":{"allow":["GET"]}}],"collection":[{"href":"https:\/\/m3caravaning.com\/ca\/wp-json\/wp\/v2\/posts"}],"about":[{"href":"https:\/\/m3caravaning.com\/ca\/wp-json\/wp\/v2\/types\/post"}],"author":[{"embeddable":true,"href":"https:\/\/m3caravaning.com\/ca\/wp-json\/wp\/v2\/users\/2"}],"replies":[{"embeddable":true,"href":"https:\/\/m3caravaning.com\/ca\/wp-json\/wp\/v2\/comments?post=10191"}],"version-history":[{"count":1,"href":"https:\/\/m3caravaning.com\/ca\/wp-json\/wp\/v2\/posts\/10191\/revisions"}],"predecessor-version":[{"id":619574,"href":"https:\/\/m3caravaning.com\/ca\/wp-json\/wp\/v2\/posts\/10191\/revisions\/619574"}],"wp:featuredmedia":[{"embeddable":true,"href":"https:\/\/m3caravaning.com\/ca\/wp-json\/wp\/v2\/media\/636116"}],"wp:attachment":[{"href":"https:\/\/m3caravaning.com\/ca\/wp-json\/wp\/v2\/media?parent=10191"}],"wp:term":[{"taxonomy":"category","embeddable":true,"href":"https:\/\/m3caravaning.com\/ca\/wp-json\/wp\/v2\/categories?post=10191"},{"taxonomy":"post_tag","embeddable":true,"href":"https:\/\/m3caravaning.com\/ca\/wp-json\/wp\/v2\/tags?post=10191"}],"curies":[{"name":"wp","href":"https:\/\/api.w.org\/{rel}","templated":true}]}}