





{"id":10181,"date":"2018-08-17T10:30:25","date_gmt":"2018-08-17T08:30:25","guid":{"rendered":"https:\/\/m3caravaning.com\/?p=10181"},"modified":"2021-06-16T10:14:34","modified_gmt":"2021-06-16T08:14:34","slug":"coneixent-una-mica-mes-lautocaravana-pilote-pacific-706-gj","status":"publish","type":"post","link":"https:\/\/m3caravaning.com\/ca\/autocaravanes\/coneixent-una-mica-mes-lautocaravana-pilote-pacific-706-gj\/","title":{"rendered":"Coneixent una mica m\u00e9s l&#8217;autocaravana Pilote Pacific 706 GJ"},"content":{"rendered":"<p>L&#8217;\u00fas de les\u00a0<strong>autocaravanes<\/strong>\u00a0cada vegada est\u00e0 m\u00e9s en al\u00e7a, el turisme de caravana creix i volem que tu tamb\u00e9 t&#8217;uneixis a aquesta gran fam\u00edlia. Per aix\u00f2, avui volem presentar-te un model d&#8217;<strong>autocaravana Pilote<\/strong>\u00a0pensada per al descans de quatre persones. Vols saber-ne m\u00e9s? T&#8217;ho expliquem.<\/p>\n<p>Pilote ens porta aquest 2018 l&#8217;autocaravana Pacific 706 GJ amb un equipament de s\u00e8rie molt complet. Composada d\u2019un sensor regulador de xoc simple per l\u2019\u00fas durant la conducci\u00f3, aire condicionat manual a la cabina, radio amb antena + precablejat pels altaveus a la cabina i al dormitori, compartiment per a ampolles de gas 2x13kg o bateria auxiliar, entre moltes altres coses. Encara que si aix\u00f2 no et sembla suficient, existeixen diferents packs amb equipaments extres perqu\u00e8 completis la teva\u00a0<strong>autocaravana pilote<\/strong>\u00a0al teu gust. Com per exemple amb pack pacific essentiel o el pack chasis pacific. Demana&#8217;ns m\u00e9s informaci\u00f3 sobre aquests extres per a la teva\u00a0<strong>autocaravana<\/strong>.<\/p>\n<p>L&#8217;<strong>autocaravana Pilote<\/strong>, a m\u00e9s del seu incre\u00efble equipament, compta amb alguns punts forts, com per exemple el seu gran garatge posterior. Aquest t\u00e9 dues portes, una a cada costat de l&#8217;<strong>autocaravana<\/strong>\u00a0per facilitar la c\u00e0rrega i desc\u00e0rrega de tot tipus d&#8217;estris. A m\u00e9s a m\u00e9s, el seu gran menjador en L pot acollit fins a a 5 persones c\u00f2modament. La dutxa \u00e9s independent del bany, facilitant el dia a dia als ocupants del vehicle en els seus dies de descans. Recorda que, encara que en el menjador tingui espai per a cinc persones, en aquesta\u00a0<strong>autocaravana Pilote<\/strong>\u00a0poden descansar-hi quatre gr\u00e0cies als seus llits bessons situats a la zona posterior i un altre basculant el\u00e8ctric de 135&#215;195 amb capacitat per a altres dues persones.<\/p>\n<p>Si est\u00e0s interessat a adquirir aquesta\u00a0<strong>autocaravana<\/strong>, M3 Caravaning et d\u00f3na totes les facilitats, recorda que la pots finan\u00e7ar fins a 120 mesos. I si el que cerques \u00e9s una furgoneta camper o caravana veuen al nostre concessionari i mira tot el que tenim per a tu. T&#8217;esperen centenars de models.<\/p>\n","protected":false},"excerpt":{"rendered":"<p>L&#8217;\u00fas de les\u00a0autocaravanes\u00a0cada vegada est\u00e0 m\u00e9s en al\u00e7a, el turisme de caravana creix i volem que tu tamb\u00e9 t&#8217;uneixis a aquesta gran fam\u00edlia. Per aix\u00f2, avui volem presentar-te un model d&#8217;autocaravana Pilote\u00a0pensada per al descans de quatre persones. Vols saber-ne m\u00e9s? T&#8217;ho expliquem. Pilote ens porta aquest 2018 l&#8217;autocaravana Pacific 706 GJ amb un equipament<\/p>\n","protected":false},"author":2,"featured_media":775,"comment_status":"closed","ping_status":"open","sticky":false,"template":"","format":"standard","meta":{"footnotes":""},"categories":[15],"tags":[],"class_list":["post-10181","post","type-post","status-publish","format-standard","has-post-thumbnail","hentry","category-autocaravanes"],"yoast_head":"<!-- This site is optimized with the Yoast SEO plugin v22.4 - https:\/\/yoast.com\/wordpress\/plugins\/seo\/ -->\n<title>Coneixent una mica m\u00e9s l&#039;autocaravana Pilote Pacific 706 GJ - Autocaravanas, caravanas y furgonetas campers nuevas, ocasi\u00f3n y segunda mano<\/title>\n<meta name=\"robots\" content=\"index, follow, max-snippet:-1, max-image-preview:large, max-video-preview:-1\" \/>\n<link rel=\"canonical\" href=\"https:\/\/m3caravaning.com\/ca\/autocaravanes\/coneixent-una-mica-mes-lautocaravana-pilote-pacific-706-gj\/\" \/>\n<meta property=\"og:locale\" content=\"ca_ES\" \/>\n<meta property=\"og:type\" content=\"article\" \/>\n<meta property=\"og:title\" content=\"Coneixent una mica m\u00e9s l&#039;autocaravana Pilote Pacific 706 GJ - Autocaravanas, caravanas y furgonetas campers nuevas, ocasi\u00f3n y segunda mano\" \/>\n<meta property=\"og:description\" content=\"L&#8217;\u00fas de les\u00a0autocaravanes\u00a0cada vegada est\u00e0 m\u00e9s en al\u00e7a, el turisme de caravana creix i volem que tu tamb\u00e9 t&#8217;uneixis a aquesta gran fam\u00edlia. Per aix\u00f2, avui volem presentar-te un model d&#8217;autocaravana Pilote\u00a0pensada per al descans de quatre persones. Vols saber-ne m\u00e9s? T&#8217;ho expliquem. Pilote ens porta aquest 2018 l&#8217;autocaravana Pacific 706 GJ amb un equipament\" \/>\n<meta property=\"og:url\" content=\"https:\/\/m3caravaning.com\/ca\/autocaravanes\/coneixent-una-mica-mes-lautocaravana-pilote-pacific-706-gj\/\" \/>\n<meta property=\"og:site_name\" content=\"Autocaravanas, caravanas y furgonetas campers nuevas, ocasi\u00f3n y segunda mano\" \/>\n<meta property=\"article:publisher\" content=\"https:\/\/www.facebook.com\/m3caravaning\" \/>\n<meta property=\"article:published_time\" content=\"2018-08-17T08:30:25+00:00\" \/>\n<meta property=\"article:modified_time\" content=\"2021-06-16T08:14:34+00:00\" \/>\n<meta property=\"og:image\" content=\"https:\/\/m3caravaning.com\/wp-content\/uploads\/2021\/01\/conociendo-un-poco-mas-la-autocaravana-pilote-pacific-706-gj-id-212.jpg\" \/>\n\t<meta property=\"og:image:width\" content=\"1000\" \/>\n\t<meta property=\"og:image:height\" content=\"450\" \/>\n\t<meta property=\"og:image:type\" content=\"image\/jpeg\" \/>\n<meta name=\"author\" content=\"M3 Caravaning\" \/>\n<meta name=\"twitter:card\" content=\"summary_large_image\" \/>\n<meta name=\"twitter:creator\" content=\"@M3Caravaning\" \/>\n<meta name=\"twitter:site\" content=\"@M3Caravaning\" \/>\n<meta name=\"twitter:label1\" content=\"Written by\" \/>\n\t<meta name=\"twitter:data1\" content=\"M3 Caravaning\" \/>\n\t<meta name=\"twitter:label2\" content=\"Est. reading time\" \/>\n\t<meta name=\"twitter:data2\" content=\"2 minutes\" \/>\n<script type=\"application\/ld+json\" class=\"yoast-schema-graph\">{\"@context\":\"https:\/\/schema.org\",\"@graph\":[{\"@type\":\"WebPage\",\"@id\":\"https:\/\/m3caravaning.com\/ca\/autocaravanes\/coneixent-una-mica-mes-lautocaravana-pilote-pacific-706-gj\/\",\"url\":\"https:\/\/m3caravaning.com\/ca\/autocaravanes\/coneixent-una-mica-mes-lautocaravana-pilote-pacific-706-gj\/\",\"name\":\"Coneixent una mica m\u00e9s l'autocaravana Pilote Pacific 706 GJ - Autocaravanas, caravanas y furgonetas campers nuevas, ocasi\u00f3n y segunda mano\",\"isPartOf\":{\"@id\":\"https:\/\/m3caravaning.com\/ca\/#website\"},\"primaryImageOfPage\":{\"@id\":\"https:\/\/m3caravaning.com\/ca\/autocaravanes\/coneixent-una-mica-mes-lautocaravana-pilote-pacific-706-gj\/#primaryimage\"},\"image\":{\"@id\":\"https:\/\/m3caravaning.com\/ca\/autocaravanes\/coneixent-una-mica-mes-lautocaravana-pilote-pacific-706-gj\/#primaryimage\"},\"thumbnailUrl\":\"https:\/\/m3caravaning.com\/wp-content\/uploads\/2021\/01\/conociendo-un-poco-mas-la-autocaravana-pilote-pacific-706-gj-id-212.jpg\",\"datePublished\":\"2018-08-17T08:30:25+00:00\",\"dateModified\":\"2021-06-16T08:14:34+00:00\",\"author\":{\"@id\":\"https:\/\/m3caravaning.com\/ca\/#\/schema\/person\/10e5f1edce4be1f414d4bde1bcf0c65f\"},\"breadcrumb\":{\"@id\":\"https:\/\/m3caravaning.com\/ca\/autocaravanes\/coneixent-una-mica-mes-lautocaravana-pilote-pacific-706-gj\/#breadcrumb\"},\"inLanguage\":\"ca\",\"potentialAction\":[{\"@type\":\"ReadAction\",\"target\":[\"https:\/\/m3caravaning.com\/ca\/autocaravanes\/coneixent-una-mica-mes-lautocaravana-pilote-pacific-706-gj\/\"]}]},{\"@type\":\"ImageObject\",\"inLanguage\":\"ca\",\"@id\":\"https:\/\/m3caravaning.com\/ca\/autocaravanes\/coneixent-una-mica-mes-lautocaravana-pilote-pacific-706-gj\/#primaryimage\",\"url\":\"https:\/\/m3caravaning.com\/wp-content\/uploads\/2021\/01\/conociendo-un-poco-mas-la-autocaravana-pilote-pacific-706-gj-id-212.jpg\",\"contentUrl\":\"https:\/\/m3caravaning.com\/wp-content\/uploads\/2021\/01\/conociendo-un-poco-mas-la-autocaravana-pilote-pacific-706-gj-id-212.jpg\",\"width\":1000,\"height\":450},{\"@type\":\"BreadcrumbList\",\"@id\":\"https:\/\/m3caravaning.com\/ca\/autocaravanes\/coneixent-una-mica-mes-lautocaravana-pilote-pacific-706-gj\/#breadcrumb\",\"itemListElement\":[{\"@type\":\"ListItem\",\"position\":1,\"name\":\"Portada\",\"item\":\"https:\/\/m3caravaning.com\/ca\/\"},{\"@type\":\"ListItem\",\"position\":2,\"name\":\"Coneixent una mica m\u00e9s l&#8217;autocaravana Pilote Pacific 706 GJ\"}]},{\"@type\":\"WebSite\",\"@id\":\"https:\/\/m3caravaning.com\/ca\/#website\",\"url\":\"https:\/\/m3caravaning.com\/ca\/\",\"name\":\"Autocaravanas, caravanas y furgonetas campers nuevas, ocasi\u00f3n y segunda mano\",\"description\":\"Tu tienda de autocaravanas, campers y caravanas nuevas y de segunda mano. Alquiler, tienda de recambios, taller, seguros, etc.\",\"potentialAction\":[{\"@type\":\"SearchAction\",\"target\":{\"@type\":\"EntryPoint\",\"urlTemplate\":\"https:\/\/m3caravaning.com\/ca\/?s={search_term_string}\"},\"query-input\":\"required name=search_term_string\"}],\"inLanguage\":\"ca\"},{\"@type\":\"Person\",\"@id\":\"https:\/\/m3caravaning.com\/ca\/#\/schema\/person\/10e5f1edce4be1f414d4bde1bcf0c65f\",\"name\":\"M3 Caravaning\",\"image\":{\"@type\":\"ImageObject\",\"inLanguage\":\"ca\",\"@id\":\"https:\/\/m3caravaning.com\/ca\/#\/schema\/person\/image\/\",\"url\":\"https:\/\/secure.gravatar.com\/avatar\/45cc9e7bfaa20654bd7626e499aa306a8db18ee338763b6b771e707ccbeef54c?s=96&d=mm&r=g\",\"contentUrl\":\"https:\/\/secure.gravatar.com\/avatar\/45cc9e7bfaa20654bd7626e499aa306a8db18ee338763b6b771e707ccbeef54c?s=96&d=mm&r=g\",\"caption\":\"M3 Caravaning\"}}]}<\/script>\n<!-- \/ Yoast SEO plugin. -->","yoast_head_json":{"title":"Coneixent una mica m\u00e9s l'autocaravana Pilote Pacific 706 GJ - Autocaravanas, caravanas y furgonetas campers nuevas, ocasi\u00f3n y segunda mano","robots":{"index":"index","follow":"follow","max-snippet":"max-snippet:-1","max-image-preview":"max-image-preview:large","max-video-preview":"max-video-preview:-1"},"canonical":"https:\/\/m3caravaning.com\/ca\/autocaravanes\/coneixent-una-mica-mes-lautocaravana-pilote-pacific-706-gj\/","og_locale":"ca_ES","og_type":"article","og_title":"Coneixent una mica m\u00e9s l'autocaravana Pilote Pacific 706 GJ - Autocaravanas, caravanas y furgonetas campers nuevas, ocasi\u00f3n y segunda mano","og_description":"L&#8217;\u00fas de les\u00a0autocaravanes\u00a0cada vegada est\u00e0 m\u00e9s en al\u00e7a, el turisme de caravana creix i volem que tu tamb\u00e9 t&#8217;uneixis a aquesta gran fam\u00edlia. Per aix\u00f2, avui volem presentar-te un model d&#8217;autocaravana Pilote\u00a0pensada per al descans de quatre persones. Vols saber-ne m\u00e9s? T&#8217;ho expliquem. Pilote ens porta aquest 2018 l&#8217;autocaravana Pacific 706 GJ amb un equipament","og_url":"https:\/\/m3caravaning.com\/ca\/autocaravanes\/coneixent-una-mica-mes-lautocaravana-pilote-pacific-706-gj\/","og_site_name":"Autocaravanas, caravanas y furgonetas campers nuevas, ocasi\u00f3n y segunda mano","article_publisher":"https:\/\/www.facebook.com\/m3caravaning","article_published_time":"2018-08-17T08:30:25+00:00","article_modified_time":"2021-06-16T08:14:34+00:00","og_image":[{"width":1000,"height":450,"url":"https:\/\/m3caravaning.com\/wp-content\/uploads\/2021\/01\/conociendo-un-poco-mas-la-autocaravana-pilote-pacific-706-gj-id-212.jpg","type":"image\/jpeg"}],"author":"M3 Caravaning","twitter_card":"summary_large_image","twitter_creator":"@M3Caravaning","twitter_site":"@M3Caravaning","twitter_misc":{"Written by":"M3 Caravaning","Est. reading time":"2 minutes"},"schema":{"@context":"https:\/\/schema.org","@graph":[{"@type":"WebPage","@id":"https:\/\/m3caravaning.com\/ca\/autocaravanes\/coneixent-una-mica-mes-lautocaravana-pilote-pacific-706-gj\/","url":"https:\/\/m3caravaning.com\/ca\/autocaravanes\/coneixent-una-mica-mes-lautocaravana-pilote-pacific-706-gj\/","name":"Coneixent una mica m\u00e9s l'autocaravana Pilote Pacific 706 GJ - Autocaravanas, caravanas y furgonetas campers nuevas, ocasi\u00f3n y segunda mano","isPartOf":{"@id":"https:\/\/m3caravaning.com\/ca\/#website"},"primaryImageOfPage":{"@id":"https:\/\/m3caravaning.com\/ca\/autocaravanes\/coneixent-una-mica-mes-lautocaravana-pilote-pacific-706-gj\/#primaryimage"},"image":{"@id":"https:\/\/m3caravaning.com\/ca\/autocaravanes\/coneixent-una-mica-mes-lautocaravana-pilote-pacific-706-gj\/#primaryimage"},"thumbnailUrl":"https:\/\/m3caravaning.com\/wp-content\/uploads\/2021\/01\/conociendo-un-poco-mas-la-autocaravana-pilote-pacific-706-gj-id-212.jpg","datePublished":"2018-08-17T08:30:25+00:00","dateModified":"2021-06-16T08:14:34+00:00","author":{"@id":"https:\/\/m3caravaning.com\/ca\/#\/schema\/person\/10e5f1edce4be1f414d4bde1bcf0c65f"},"breadcrumb":{"@id":"https:\/\/m3caravaning.com\/ca\/autocaravanes\/coneixent-una-mica-mes-lautocaravana-pilote-pacific-706-gj\/#breadcrumb"},"inLanguage":"ca","potentialAction":[{"@type":"ReadAction","target":["https:\/\/m3caravaning.com\/ca\/autocaravanes\/coneixent-una-mica-mes-lautocaravana-pilote-pacific-706-gj\/"]}]},{"@type":"ImageObject","inLanguage":"ca","@id":"https:\/\/m3caravaning.com\/ca\/autocaravanes\/coneixent-una-mica-mes-lautocaravana-pilote-pacific-706-gj\/#primaryimage","url":"https:\/\/m3caravaning.com\/wp-content\/uploads\/2021\/01\/conociendo-un-poco-mas-la-autocaravana-pilote-pacific-706-gj-id-212.jpg","contentUrl":"https:\/\/m3caravaning.com\/wp-content\/uploads\/2021\/01\/conociendo-un-poco-mas-la-autocaravana-pilote-pacific-706-gj-id-212.jpg","width":1000,"height":450},{"@type":"BreadcrumbList","@id":"https:\/\/m3caravaning.com\/ca\/autocaravanes\/coneixent-una-mica-mes-lautocaravana-pilote-pacific-706-gj\/#breadcrumb","itemListElement":[{"@type":"ListItem","position":1,"name":"Portada","item":"https:\/\/m3caravaning.com\/ca\/"},{"@type":"ListItem","position":2,"name":"Coneixent una mica m\u00e9s l&#8217;autocaravana Pilote Pacific 706 GJ"}]},{"@type":"WebSite","@id":"https:\/\/m3caravaning.com\/ca\/#website","url":"https:\/\/m3caravaning.com\/ca\/","name":"Autocaravanas, caravanas y furgonetas campers nuevas, ocasi\u00f3n y segunda mano","description":"Tu tienda de autocaravanas, campers y caravanas nuevas y de segunda mano. Alquiler, tienda de recambios, taller, seguros, etc.","potentialAction":[{"@type":"SearchAction","target":{"@type":"EntryPoint","urlTemplate":"https:\/\/m3caravaning.com\/ca\/?s={search_term_string}"},"query-input":"required name=search_term_string"}],"inLanguage":"ca"},{"@type":"Person","@id":"https:\/\/m3caravaning.com\/ca\/#\/schema\/person\/10e5f1edce4be1f414d4bde1bcf0c65f","name":"M3 Caravaning","image":{"@type":"ImageObject","inLanguage":"ca","@id":"https:\/\/m3caravaning.com\/ca\/#\/schema\/person\/image\/","url":"https:\/\/secure.gravatar.com\/avatar\/45cc9e7bfaa20654bd7626e499aa306a8db18ee338763b6b771e707ccbeef54c?s=96&d=mm&r=g","contentUrl":"https:\/\/secure.gravatar.com\/avatar\/45cc9e7bfaa20654bd7626e499aa306a8db18ee338763b6b771e707ccbeef54c?s=96&d=mm&r=g","caption":"M3 Caravaning"}}]}},"_links":{"self":[{"href":"https:\/\/m3caravaning.com\/ca\/wp-json\/wp\/v2\/posts\/10181","targetHints":{"allow":["GET"]}}],"collection":[{"href":"https:\/\/m3caravaning.com\/ca\/wp-json\/wp\/v2\/posts"}],"about":[{"href":"https:\/\/m3caravaning.com\/ca\/wp-json\/wp\/v2\/types\/post"}],"author":[{"embeddable":true,"href":"https:\/\/m3caravaning.com\/ca\/wp-json\/wp\/v2\/users\/2"}],"replies":[{"embeddable":true,"href":"https:\/\/m3caravaning.com\/ca\/wp-json\/wp\/v2\/comments?post=10181"}],"version-history":[{"count":0,"href":"https:\/\/m3caravaning.com\/ca\/wp-json\/wp\/v2\/posts\/10181\/revisions"}],"wp:featuredmedia":[{"embeddable":true,"href":"https:\/\/m3caravaning.com\/ca\/wp-json\/wp\/v2\/media\/775"}],"wp:attachment":[{"href":"https:\/\/m3caravaning.com\/ca\/wp-json\/wp\/v2\/media?parent=10181"}],"wp:term":[{"taxonomy":"category","embeddable":true,"href":"https:\/\/m3caravaning.com\/ca\/wp-json\/wp\/v2\/categories?post=10181"},{"taxonomy":"post_tag","embeddable":true,"href":"https:\/\/m3caravaning.com\/ca\/wp-json\/wp\/v2\/tags?post=10181"}],"curies":[{"name":"wp","href":"https:\/\/api.w.org\/{rel}","templated":true}]}}