





{"id":10138,"date":"2019-12-05T09:18:05","date_gmt":"2019-12-05T08:18:05","guid":{"rendered":"https:\/\/m3caravaning.com\/?p=10138"},"modified":"2024-05-23T11:52:08","modified_gmt":"2024-05-23T09:52:08","slug":"gaudir-la-temporada-desqui-en-autocaravana","status":"publish","type":"post","link":"https:\/\/m3caravaning.com\/ca\/autocaravanes\/gaudir-la-temporada-desqui-en-autocaravana\/","title":{"rendered":"Gaudir la temporada d&#8217;esqu\u00ed en autocaravana"},"content":{"rendered":"<p>Els amants de la neu ja estan comptant els dies\u2026 \u00c9s\u00a0<strong>temps de gaudir la temporada d&#8217;esqu\u00ed en autocaravana<\/strong>\u00a0i visitar els pobles que trobem prop de les pistes. Desembre \u00e9s un mes estupend i abundant en dies festius per a poder fer aquestes escapades a la neu ara que fa m\u00e9s fred. Qu\u00e8 necessitem saber per a planejar el nostre viatge?<\/p>\n<p><a href=\"https:\/\/m3caravaning.com\/ca\/autocaravanes\/\">Viatjar en autocaravana a l&#8217;hivern<\/a> implica preparar millor el viatge contra les inclem\u00e8ncies del temps, perqu\u00e8 hem de verificar abans l&#8217;estat de les carreteres, les \u00e0rees de servei, l&#8217;ocupaci\u00f3 i la climatologia. S\u00f3n rutines que solem fer per\u00f2 sempre ve b\u00e9 recordar-les. La nostra autocaravana ha de tenir tot all\u00f2 que puguem necessitar si eventualment ho necessitem: roba i cal\u00e7at d&#8217;abric, calefacci\u00f3, cadenes per a la neu, anticongelant, etc.<\/p>\n<div id=\"ez-toc-container\" class=\"ez-toc-v2_0_82_2 counter-hierarchy ez-toc-counter ez-toc-custom ez-toc-container-direction\">\n<div class=\"ez-toc-title-container\">\n<p class=\"ez-toc-title ez-toc-toggle\" style=\"cursor:pointer\">Tabla de contenido<\/p>\n<span class=\"ez-toc-title-toggle\"><\/span><\/div>\n<nav><ul class='ez-toc-list ez-toc-list-level-1 ' ><li class='ez-toc-page-1 ez-toc-heading-level-2'><a class=\"ez-toc-link ez-toc-heading-1\" href=\"https:\/\/m3caravaning.com\/ca\/autocaravanes\/gaudir-la-temporada-desqui-en-autocaravana\/#Quin_temps_fara_Equipa_la_teva_autocaravana\" >Quin temps far\u00e0? Equipa la teva autocaravana<\/a><\/li><li class='ez-toc-page-1 ez-toc-heading-level-2'><a class=\"ez-toc-link ez-toc-heading-2\" href=\"https:\/\/m3caravaning.com\/ca\/autocaravanes\/gaudir-la-temporada-desqui-en-autocaravana\/#Les_arees_ac_de_servei_per_a_autocaravanes\" >Les \u00e0rees ac de servei per a autocaravanes<\/a><\/li><\/ul><\/nav><\/div>\n<h2><span class=\"ez-toc-section\" id=\"Quin_temps_fara_Equipa_la_teva_autocaravana\"><\/span>Quin temps far\u00e0? Equipa la teva autocaravana<span class=\"ez-toc-section-end\"><\/span><\/h2>\n<p>Tenint tantes aplicacions i facilitats tecnol\u00f2giques com existeixen avui dia, no fa falta que ens la juguem en un viatge per culpa del temps. Una vegada que hem fixat les nostres coordenades b\u00e0siques de calendari i mapa per a preparar el nostre viatge, el seg\u00fcent \u00e9s saber quin temps far\u00e0. F\u00e0cil.<\/p>\n<p>En les nostres rutines de viatger hem d&#8217;incloure la consulta meteorol\u00f2gica, perqu\u00e8 la climatologia pot ajudar-nos a definir millor les nostres dates de sortida i itinerari, especialment si pernoctem en autocaravana o furgoneta camper. Normalment en el nostre m\u00f2bil rebem una previsi\u00f3 di\u00e0ria del temps, per\u00f2 si planegem el nostre viatge amb antelaci\u00f3, el millor \u00e9s consultar als serveis professionals que s&#8217;encarreguen d&#8217;aix\u00f2.<\/p>\n<p>Us aconsellem aquests tres que considerem fiables en les seves previsions per a viatjar per Espanya:<\/p>\n<p>El\u00a0<a href=\"https:\/\/www.meteosat.com\/\">Meteosat<\/a> \u00e9s un sat\u00e8l\u00b7lit que envia informaci\u00f3 de les previsions meteorol\u00f2giques amb diversos dies d&#8217;antelaci\u00f3. En la seva p\u00e0gina web trobar\u00e0s les previsions per comunitats, a m\u00e9s de les eventuals alertes, una dada molt interessant per a planificar-se abans de gaudir la temporada d&#8217;esqu\u00ed en autocaravana.<\/p>\n<p>Si vols saber quin temps far\u00e0 en els dies seg\u00fcents,\u00a0<strong>l&#8217;Ag\u00e8ncia Estatal de Meteorologia t\u00e9 un mapa per municipis<\/strong>\u00a0des del qual pots consultar la previsi\u00f3 del temps de tota la setmana. Si et desplaces a estacions d&#8217;esqu\u00ed de Catalunya i Pirineus, tamb\u00e9 existeix el\u00a0<strong>Meteocat, Servei Meteorol\u00f2gic de Catalunya<\/strong>. En la seva p\u00e0gina trobem una previsi\u00f3 centrada en les\u00a0<a href=\"https:\/\/www.meteo.cat\/prediccio\/esqui\">pistes d&#8217;esqu\u00ed dels Pirineus<\/a>, que es troben entre les m\u00e9s freq\u00fcentades en aquestes dates.<\/p>\n<h2><span class=\"ez-toc-section\" id=\"Les_arees_ac_de_servei_per_a_autocaravanes\"><\/span>Les \u00e0rees ac de servei per a autocaravanes<span class=\"ez-toc-section-end\"><\/span><\/h2>\n<p>Ja sabem quin temps far\u00e0, i tenim les\u00a0dates i ruta definides per al nostre viatge en autocaravana. En funci\u00f3 de tot aix\u00f2 podem comen\u00e7ar a equipar b\u00e9 el nostre vehicle i decidir el nostre equipatge. A m\u00e9s dels esqu\u00eds i el nostre equip per a esquiar, el temps que faci fos de les pistes ens permetr\u00e0 triar quines altres coses portarem: samarretes de cot\u00f3, protecci\u00f3 solar, capells de colors, paraig\u00fces, impermeable, botes d&#8217;aigua, jers\u00e9is de llana, texans\u2026<\/p>\n<p>A fi de definir millor les nostres parades i on pernoctar, \u00e9s d&#8217;ajuda\u00a0<strong>consultar els serveis d&#8217;informaci\u00f3 que ens informen de les \u00e0rees d&#8217;autocaravanes on poder estacionar i passar la nit<\/strong>. En aquestes \u00c0rees AC disposem d&#8217;una s\u00e8rie de serveis que ens facilitaran l&#8217;estada i que a m\u00e9s ens permeten oblidar-nos de les reserves d&#8217;habitacions que, com sabem, estan molt complicades en plena temporada d&#8217;esqu\u00ed.<\/p>\n<p>Per a con\u00e8ixer quins espais tenim disponibles per a estacionar la nostra autocaravana, hem de buscar la informaci\u00f3 d&#8217;\u00e0rees de servei d&#8217;estacionament i pernoctaci\u00f3 per a autocaravanes. Estan detallades per prov\u00edncies dins de la Pen\u00ednsula, i tamb\u00e9 per a altres pa\u00efsos, si et desplaces amb la teva autocaravana a esquiar per Europa. En aquestes guies\u00a0<strong>informen dels serveis disponibles i solen incloure la valoraci\u00f3 d&#8217;usuaris<\/strong>, una valuosa orientaci\u00f3 de partida.<\/p>\n<p>Amb aquestes dades, ja disposes d&#8217;una bona informaci\u00f3 de base per a gaudir la temporada d&#8217;esqu\u00ed en autocaravana. Bon viatge!<\/p>\n","protected":false},"excerpt":{"rendered":"<p>Els amants de la neu ja estan comptant els dies\u2026 \u00c9s\u00a0temps de gaudir la temporada d&#8217;esqu\u00ed en autocaravana\u00a0i visitar els pobles que trobem prop de les pistes. Desembre \u00e9s un mes estupend i abundant en dies festius per a poder fer aquestes escapades a la neu ara que fa m\u00e9s fred. Qu\u00e8 necessitem saber per<\/p>\n","protected":false},"author":2,"featured_media":626851,"comment_status":"closed","ping_status":"open","sticky":false,"template":"","format":"standard","meta":{"footnotes":""},"categories":[15],"tags":[],"class_list":["post-10138","post","type-post","status-publish","format-standard","has-post-thumbnail","hentry","category-autocaravanes"],"yoast_head":"<!-- This site is optimized with the Yoast SEO plugin v22.4 - https:\/\/yoast.com\/wordpress\/plugins\/seo\/ -->\n<title>Gaudir la temporada d&#039;esqu\u00ed en autocaravana - Autocaravanas, caravanas y furgonetas campers nuevas, ocasi\u00f3n y segunda mano<\/title>\n<meta name=\"robots\" content=\"index, follow, max-snippet:-1, max-image-preview:large, max-video-preview:-1\" \/>\n<link rel=\"canonical\" href=\"https:\/\/m3caravaning.com\/ca\/autocaravanes\/gaudir-la-temporada-desqui-en-autocaravana\/\" \/>\n<meta property=\"og:locale\" content=\"ca_ES\" \/>\n<meta property=\"og:type\" content=\"article\" \/>\n<meta property=\"og:title\" content=\"Gaudir la temporada d&#039;esqu\u00ed en autocaravana - Autocaravanas, caravanas y furgonetas campers nuevas, ocasi\u00f3n y segunda mano\" \/>\n<meta property=\"og:description\" content=\"Els amants de la neu ja estan comptant els dies\u2026 \u00c9s\u00a0temps de gaudir la temporada d&#8217;esqu\u00ed en autocaravana\u00a0i visitar els pobles que trobem prop de les pistes. Desembre \u00e9s un mes estupend i abundant en dies festius per a poder fer aquestes escapades a la neu ara que fa m\u00e9s fred. Qu\u00e8 necessitem saber per\" \/>\n<meta property=\"og:url\" content=\"https:\/\/m3caravaning.com\/ca\/autocaravanes\/gaudir-la-temporada-desqui-en-autocaravana\/\" \/>\n<meta property=\"og:site_name\" content=\"Autocaravanas, caravanas y furgonetas campers nuevas, ocasi\u00f3n y segunda mano\" \/>\n<meta property=\"article:publisher\" content=\"https:\/\/www.facebook.com\/m3caravaning\" \/>\n<meta property=\"article:published_time\" content=\"2019-12-05T08:18:05+00:00\" \/>\n<meta property=\"article:modified_time\" content=\"2024-05-23T09:52:08+00:00\" \/>\n<meta property=\"og:image\" content=\"https:\/\/m3caravaning.com\/wp-content\/uploads\/2019\/12\/ir-a-esquiar-en-autocaravana.webp\" \/>\n\t<meta property=\"og:image:width\" content=\"847\" \/>\n\t<meta property=\"og:image:height\" content=\"452\" \/>\n\t<meta property=\"og:image:type\" content=\"image\/webp\" \/>\n<meta name=\"author\" content=\"M3 Caravaning\" \/>\n<meta name=\"twitter:card\" content=\"summary_large_image\" \/>\n<meta name=\"twitter:creator\" content=\"@M3Caravaning\" \/>\n<meta name=\"twitter:site\" content=\"@M3Caravaning\" \/>\n<meta name=\"twitter:label1\" content=\"Written by\" \/>\n\t<meta name=\"twitter:data1\" content=\"M3 Caravaning\" \/>\n\t<meta name=\"twitter:label2\" content=\"Est. reading time\" \/>\n\t<meta name=\"twitter:data2\" content=\"4 minutes\" \/>\n<script type=\"application\/ld+json\" class=\"yoast-schema-graph\">{\"@context\":\"https:\/\/schema.org\",\"@graph\":[{\"@type\":\"WebPage\",\"@id\":\"https:\/\/m3caravaning.com\/ca\/autocaravanes\/gaudir-la-temporada-desqui-en-autocaravana\/\",\"url\":\"https:\/\/m3caravaning.com\/ca\/autocaravanes\/gaudir-la-temporada-desqui-en-autocaravana\/\",\"name\":\"Gaudir la temporada d'esqu\u00ed en autocaravana - Autocaravanas, caravanas y furgonetas campers nuevas, ocasi\u00f3n y segunda mano\",\"isPartOf\":{\"@id\":\"https:\/\/m3caravaning.com\/ca\/#website\"},\"primaryImageOfPage\":{\"@id\":\"https:\/\/m3caravaning.com\/ca\/autocaravanes\/gaudir-la-temporada-desqui-en-autocaravana\/#primaryimage\"},\"image\":{\"@id\":\"https:\/\/m3caravaning.com\/ca\/autocaravanes\/gaudir-la-temporada-desqui-en-autocaravana\/#primaryimage\"},\"thumbnailUrl\":\"https:\/\/m3caravaning.com\/wp-content\/uploads\/2019\/12\/ir-a-esquiar-en-autocaravana.webp\",\"datePublished\":\"2019-12-05T08:18:05+00:00\",\"dateModified\":\"2024-05-23T09:52:08+00:00\",\"author\":{\"@id\":\"https:\/\/m3caravaning.com\/ca\/#\/schema\/person\/10e5f1edce4be1f414d4bde1bcf0c65f\"},\"breadcrumb\":{\"@id\":\"https:\/\/m3caravaning.com\/ca\/autocaravanes\/gaudir-la-temporada-desqui-en-autocaravana\/#breadcrumb\"},\"inLanguage\":\"ca\",\"potentialAction\":[{\"@type\":\"ReadAction\",\"target\":[\"https:\/\/m3caravaning.com\/ca\/autocaravanes\/gaudir-la-temporada-desqui-en-autocaravana\/\"]}]},{\"@type\":\"ImageObject\",\"inLanguage\":\"ca\",\"@id\":\"https:\/\/m3caravaning.com\/ca\/autocaravanes\/gaudir-la-temporada-desqui-en-autocaravana\/#primaryimage\",\"url\":\"https:\/\/m3caravaning.com\/wp-content\/uploads\/2019\/12\/ir-a-esquiar-en-autocaravana.webp\",\"contentUrl\":\"https:\/\/m3caravaning.com\/wp-content\/uploads\/2019\/12\/ir-a-esquiar-en-autocaravana.webp\",\"width\":847,\"height\":452,\"caption\":\"Ir a esquiar en autocaravana como seguridad\"},{\"@type\":\"BreadcrumbList\",\"@id\":\"https:\/\/m3caravaning.com\/ca\/autocaravanes\/gaudir-la-temporada-desqui-en-autocaravana\/#breadcrumb\",\"itemListElement\":[{\"@type\":\"ListItem\",\"position\":1,\"name\":\"Portada\",\"item\":\"https:\/\/m3caravaning.com\/ca\/\"},{\"@type\":\"ListItem\",\"position\":2,\"name\":\"Gaudir la temporada d&#8217;esqu\u00ed en autocaravana\"}]},{\"@type\":\"WebSite\",\"@id\":\"https:\/\/m3caravaning.com\/ca\/#website\",\"url\":\"https:\/\/m3caravaning.com\/ca\/\",\"name\":\"Autocaravanas, caravanas y furgonetas campers nuevas, ocasi\u00f3n y segunda mano\",\"description\":\"Tu tienda de autocaravanas, campers y caravanas nuevas y de segunda mano. Alquiler, tienda de recambios, taller, seguros, etc.\",\"potentialAction\":[{\"@type\":\"SearchAction\",\"target\":{\"@type\":\"EntryPoint\",\"urlTemplate\":\"https:\/\/m3caravaning.com\/ca\/?s={search_term_string}\"},\"query-input\":\"required name=search_term_string\"}],\"inLanguage\":\"ca\"},{\"@type\":\"Person\",\"@id\":\"https:\/\/m3caravaning.com\/ca\/#\/schema\/person\/10e5f1edce4be1f414d4bde1bcf0c65f\",\"name\":\"M3 Caravaning\",\"image\":{\"@type\":\"ImageObject\",\"inLanguage\":\"ca\",\"@id\":\"https:\/\/m3caravaning.com\/ca\/#\/schema\/person\/image\/\",\"url\":\"https:\/\/secure.gravatar.com\/avatar\/45cc9e7bfaa20654bd7626e499aa306a8db18ee338763b6b771e707ccbeef54c?s=96&d=mm&r=g\",\"contentUrl\":\"https:\/\/secure.gravatar.com\/avatar\/45cc9e7bfaa20654bd7626e499aa306a8db18ee338763b6b771e707ccbeef54c?s=96&d=mm&r=g\",\"caption\":\"M3 Caravaning\"}}]}<\/script>\n<!-- \/ Yoast SEO plugin. -->","yoast_head_json":{"title":"Gaudir la temporada d'esqu\u00ed en autocaravana - Autocaravanas, caravanas y furgonetas campers nuevas, ocasi\u00f3n y segunda mano","robots":{"index":"index","follow":"follow","max-snippet":"max-snippet:-1","max-image-preview":"max-image-preview:large","max-video-preview":"max-video-preview:-1"},"canonical":"https:\/\/m3caravaning.com\/ca\/autocaravanes\/gaudir-la-temporada-desqui-en-autocaravana\/","og_locale":"ca_ES","og_type":"article","og_title":"Gaudir la temporada d'esqu\u00ed en autocaravana - Autocaravanas, caravanas y furgonetas campers nuevas, ocasi\u00f3n y segunda mano","og_description":"Els amants de la neu ja estan comptant els dies\u2026 \u00c9s\u00a0temps de gaudir la temporada d&#8217;esqu\u00ed en autocaravana\u00a0i visitar els pobles que trobem prop de les pistes. Desembre \u00e9s un mes estupend i abundant en dies festius per a poder fer aquestes escapades a la neu ara que fa m\u00e9s fred. Qu\u00e8 necessitem saber per","og_url":"https:\/\/m3caravaning.com\/ca\/autocaravanes\/gaudir-la-temporada-desqui-en-autocaravana\/","og_site_name":"Autocaravanas, caravanas y furgonetas campers nuevas, ocasi\u00f3n y segunda mano","article_publisher":"https:\/\/www.facebook.com\/m3caravaning","article_published_time":"2019-12-05T08:18:05+00:00","article_modified_time":"2024-05-23T09:52:08+00:00","og_image":[{"width":847,"height":452,"url":"https:\/\/m3caravaning.com\/wp-content\/uploads\/2019\/12\/ir-a-esquiar-en-autocaravana.webp","type":"image\/webp"}],"author":"M3 Caravaning","twitter_card":"summary_large_image","twitter_creator":"@M3Caravaning","twitter_site":"@M3Caravaning","twitter_misc":{"Written by":"M3 Caravaning","Est. reading time":"4 minutes"},"schema":{"@context":"https:\/\/schema.org","@graph":[{"@type":"WebPage","@id":"https:\/\/m3caravaning.com\/ca\/autocaravanes\/gaudir-la-temporada-desqui-en-autocaravana\/","url":"https:\/\/m3caravaning.com\/ca\/autocaravanes\/gaudir-la-temporada-desqui-en-autocaravana\/","name":"Gaudir la temporada d'esqu\u00ed en autocaravana - Autocaravanas, caravanas y furgonetas campers nuevas, ocasi\u00f3n y segunda mano","isPartOf":{"@id":"https:\/\/m3caravaning.com\/ca\/#website"},"primaryImageOfPage":{"@id":"https:\/\/m3caravaning.com\/ca\/autocaravanes\/gaudir-la-temporada-desqui-en-autocaravana\/#primaryimage"},"image":{"@id":"https:\/\/m3caravaning.com\/ca\/autocaravanes\/gaudir-la-temporada-desqui-en-autocaravana\/#primaryimage"},"thumbnailUrl":"https:\/\/m3caravaning.com\/wp-content\/uploads\/2019\/12\/ir-a-esquiar-en-autocaravana.webp","datePublished":"2019-12-05T08:18:05+00:00","dateModified":"2024-05-23T09:52:08+00:00","author":{"@id":"https:\/\/m3caravaning.com\/ca\/#\/schema\/person\/10e5f1edce4be1f414d4bde1bcf0c65f"},"breadcrumb":{"@id":"https:\/\/m3caravaning.com\/ca\/autocaravanes\/gaudir-la-temporada-desqui-en-autocaravana\/#breadcrumb"},"inLanguage":"ca","potentialAction":[{"@type":"ReadAction","target":["https:\/\/m3caravaning.com\/ca\/autocaravanes\/gaudir-la-temporada-desqui-en-autocaravana\/"]}]},{"@type":"ImageObject","inLanguage":"ca","@id":"https:\/\/m3caravaning.com\/ca\/autocaravanes\/gaudir-la-temporada-desqui-en-autocaravana\/#primaryimage","url":"https:\/\/m3caravaning.com\/wp-content\/uploads\/2019\/12\/ir-a-esquiar-en-autocaravana.webp","contentUrl":"https:\/\/m3caravaning.com\/wp-content\/uploads\/2019\/12\/ir-a-esquiar-en-autocaravana.webp","width":847,"height":452,"caption":"Ir a esquiar en autocaravana como seguridad"},{"@type":"BreadcrumbList","@id":"https:\/\/m3caravaning.com\/ca\/autocaravanes\/gaudir-la-temporada-desqui-en-autocaravana\/#breadcrumb","itemListElement":[{"@type":"ListItem","position":1,"name":"Portada","item":"https:\/\/m3caravaning.com\/ca\/"},{"@type":"ListItem","position":2,"name":"Gaudir la temporada d&#8217;esqu\u00ed en autocaravana"}]},{"@type":"WebSite","@id":"https:\/\/m3caravaning.com\/ca\/#website","url":"https:\/\/m3caravaning.com\/ca\/","name":"Autocaravanas, caravanas y furgonetas campers nuevas, ocasi\u00f3n y segunda mano","description":"Tu tienda de autocaravanas, campers y caravanas nuevas y de segunda mano. Alquiler, tienda de recambios, taller, seguros, etc.","potentialAction":[{"@type":"SearchAction","target":{"@type":"EntryPoint","urlTemplate":"https:\/\/m3caravaning.com\/ca\/?s={search_term_string}"},"query-input":"required name=search_term_string"}],"inLanguage":"ca"},{"@type":"Person","@id":"https:\/\/m3caravaning.com\/ca\/#\/schema\/person\/10e5f1edce4be1f414d4bde1bcf0c65f","name":"M3 Caravaning","image":{"@type":"ImageObject","inLanguage":"ca","@id":"https:\/\/m3caravaning.com\/ca\/#\/schema\/person\/image\/","url":"https:\/\/secure.gravatar.com\/avatar\/45cc9e7bfaa20654bd7626e499aa306a8db18ee338763b6b771e707ccbeef54c?s=96&d=mm&r=g","contentUrl":"https:\/\/secure.gravatar.com\/avatar\/45cc9e7bfaa20654bd7626e499aa306a8db18ee338763b6b771e707ccbeef54c?s=96&d=mm&r=g","caption":"M3 Caravaning"}}]}},"_links":{"self":[{"href":"https:\/\/m3caravaning.com\/ca\/wp-json\/wp\/v2\/posts\/10138","targetHints":{"allow":["GET"]}}],"collection":[{"href":"https:\/\/m3caravaning.com\/ca\/wp-json\/wp\/v2\/posts"}],"about":[{"href":"https:\/\/m3caravaning.com\/ca\/wp-json\/wp\/v2\/types\/post"}],"author":[{"embeddable":true,"href":"https:\/\/m3caravaning.com\/ca\/wp-json\/wp\/v2\/users\/2"}],"replies":[{"embeddable":true,"href":"https:\/\/m3caravaning.com\/ca\/wp-json\/wp\/v2\/comments?post=10138"}],"version-history":[{"count":1,"href":"https:\/\/m3caravaning.com\/ca\/wp-json\/wp\/v2\/posts\/10138\/revisions"}],"predecessor-version":[{"id":619409,"href":"https:\/\/m3caravaning.com\/ca\/wp-json\/wp\/v2\/posts\/10138\/revisions\/619409"}],"wp:featuredmedia":[{"embeddable":true,"href":"https:\/\/m3caravaning.com\/ca\/wp-json\/wp\/v2\/media\/626851"}],"wp:attachment":[{"href":"https:\/\/m3caravaning.com\/ca\/wp-json\/wp\/v2\/media?parent=10138"}],"wp:term":[{"taxonomy":"category","embeddable":true,"href":"https:\/\/m3caravaning.com\/ca\/wp-json\/wp\/v2\/categories?post=10138"},{"taxonomy":"post_tag","embeddable":true,"href":"https:\/\/m3caravaning.com\/ca\/wp-json\/wp\/v2\/tags?post=10138"}],"curies":[{"name":"wp","href":"https:\/\/api.w.org\/{rel}","templated":true}]}}