





{"id":10134,"date":"2021-05-10T09:11:48","date_gmt":"2021-05-10T07:11:48","guid":{"rendered":"https:\/\/m3caravaning.com\/?p=10134"},"modified":"2024-05-24T11:28:24","modified_gmt":"2024-05-24T09:28:24","slug":"augment-dels-viatges-en-autocaravanes","status":"publish","type":"post","link":"https:\/\/m3caravaning.com\/ca\/autocaravanes\/augment-dels-viatges-en-autocaravanes\/","title":{"rendered":"Augment dels viatges en autocaravanes"},"content":{"rendered":"<p>Si parlem del territori nacional sobre el\u00a0<a href=\"https:\/\/m3caravaning.com\/ca\/\">caravaning<\/a>, els viatges en autocaravana, ha tingut un augment en la seva popularitat aquest any. De manera m\u00e9s concreta, l&#8217;augment ha estat d&#8217;un 57% comparat amb l&#8217;any passat. Al fet que es pot deure aquest augment? Un clar exemple seria el grau d&#8217;autonomia d&#8217;aquesta manera de viatjar, ja que et permet viatjar \u201camb la teva casa\u201d a l&#8217;esquena. Aquest octubre s&#8217;han usat 221 autocaravanes m\u00e9s que al setembre d&#8217;aquest mateix any. Les marques m\u00e9s destacades en aquest augment serien: <strong>Benimar, McLouis, Carado i Challenger<\/strong>. Per\u00f2 no sols ha augmentat el nombre de\u00a0<strong>matriculacions d&#8217;autocaravanes<\/strong>, sin\u00f3 que tamb\u00e9 la despesa mitjana de les persones que realitzen aquests viatges. Aquesta mitjana de despesa per experi\u00e8ncia ha augmentat en un 9%, \u00e9s a dir, la mitjana de diners invertits per viatge \u00e9s de 949\u20ac.\u00a0<strong>Barcelona<\/strong>\u00a0es corona com la localitzaci\u00f3 m\u00e9s visitada pels viatgers (37%) en autocaravana dins d&#8217;Espanya, i li segueix Madrid (17,8%).<\/p>\n<p>El president de\u00a0<strong>ASEICAR<\/strong>\u00a0(Associaci\u00f3 Espanyola de la Ind\u00fastria i Comer\u00e7 del Caravaning) comenta que el Sal\u00f3 del Caravaning realitzat a l&#8217;octubre, sempre augmenta i popularitza el m\u00f3n de l&#8217;autocaravana i fa que les seves matriculacions augmentin en els mesos seg\u00fcents.<\/p>\n<p>No tan sols parlem del autocaravaning com a forma de vida, sin\u00f3 d&#8217;aquelles persones que a m\u00e9s de tenir un domicili, compten amb una\u00a0<strong>autocaravana per a les vacances<\/strong>. Per tant, parlem de caravaning com aquest fenomen (d&#8217;arrels Europees) que comen\u00e7a a considerar-se com un nou tipus de turisme. Els c\u00e0mpings ja porten anys preparats per a l&#8217;arribada dels nous clients que van amb autocaravanes.<\/p>\n<h2>Perqu\u00e8 la gent opta pel caravaning?<\/h2>\n<p>\u00c9s una manera de\u00a0<strong>viatjar molt m\u00e9s lliure<\/strong>\u00a0que et permet planificar la teva pr\u00f2pia ruta, amb total llibertat de temps i sense haver de pensar en quan has de deixar l&#8217;hotel. S\u00f3n viatges que econ\u00f2micament s\u00f3n bastant assequibles. Pots gaudir d&#8217;aquest m\u00f3n relaxant, obert i ple de naturalesa. A m\u00e9s, les facilitats per a aquesta mena de turisme han estat millorades, i segun ASEICAR, les\u00a0<strong>areas d&#8217;estacionament d&#8217;autocaravanes s&#8217;han quadruplicat<\/strong>\u00a0(de 183 a 904). S&#8217;ha calculat que de mitjana, mensualment, s&#8217;inauguren 5 \u00e0rees noves de servei per a autocaravanes. A les ciutats tur\u00edstiques ja podem trobar places d&#8217;estacionament adequades per a aquestes \u201ccases errants\u201d. L&#8217;augment d&#8217;aquestes facilitats es deu tamb\u00e9 al fet que aquest\u00a0<strong>turisme \u00e9s una bona font d&#8217;ingressos<\/strong>. Un altre motiu per a l&#8217;augment de les\u00a0<a href=\"https:\/\/m3caravaning.com\/ca\/caravanes\/\">venda de caravanes<\/a> \u00e9s la pujada de preu dels hostalatges a les ciutats com Barcelona, Sevilla, etc. <strong>Podr\u00e0s decidir on vols dormir, on vols despertar, gr\u00e0cies a les autocaravanes, caravanes i c\u00e1mpers<\/strong>, per a anar a qualsevol lloc sense preocupar-te de reserves o horaris establerts.<\/p>\n<h3>Els perfils del autocaravaning.<\/h3>\n<p>El\u00a0<strong>autocaravaning \u00e9s per a tots els p\u00fablics<\/strong>, per\u00f2 segons estudis podem establir un perfil mitj\u00e0 dels clients d&#8217;aquesta mena de turisme. M\u00e9s de la meitat de les persones que decideixen viatjar d&#8217;aquesta manera s\u00f3n estrangers, on \u2153 s\u00f3n joves (25-34 anys) que\u00a0<strong>viatgen amb parella<\/strong>\u00a0i un m\u00ednim de sis dies. Un altre ter\u00e7 d&#8217;aquest m\u00f3n s\u00f3n persones de 35 i 44 anys que es dedica a\u00a0<strong>viatjar en fam\u00edlia<\/strong>.<\/p>\n<p>El m\u00f3n de l&#8217;autocaravana ja est\u00e0 molt m\u00e9s normalitzat, \u00e9s una manera de viatjar molt m\u00e9s lliure i natural, on tu estableixes el pressupost, l&#8217;estada i les localitats a visitar.<\/p>\n","protected":false},"excerpt":{"rendered":"<p>Si parlem del territori nacional sobre el\u00a0caravaning, els viatges en autocaravana, ha tingut un augment en la seva popularitat aquest any. De manera m\u00e9s concreta, l&#8217;augment ha estat d&#8217;un 57% comparat amb l&#8217;any passat. Al fet que es pot deure aquest augment? Un clar exemple seria el grau d&#8217;autonomia d&#8217;aquesta manera de viatjar, ja que<\/p>\n","protected":false},"author":2,"featured_media":901,"comment_status":"closed","ping_status":"open","sticky":false,"template":"","format":"standard","meta":{"footnotes":""},"categories":[15],"tags":[],"class_list":["post-10134","post","type-post","status-publish","format-standard","has-post-thumbnail","hentry","category-autocaravanes"],"yoast_head":"<!-- This site is optimized with the Yoast SEO plugin v22.4 - https:\/\/yoast.com\/wordpress\/plugins\/seo\/ -->\n<title>Augment dels viatges en autocaravanes - Autocaravanas, caravanas y furgonetas campers nuevas, ocasi\u00f3n y segunda mano<\/title>\n<meta name=\"robots\" content=\"index, follow, max-snippet:-1, max-image-preview:large, max-video-preview:-1\" \/>\n<link rel=\"canonical\" href=\"https:\/\/m3caravaning.com\/ca\/autocaravanes\/augment-dels-viatges-en-autocaravanes\/\" \/>\n<meta property=\"og:locale\" content=\"ca_ES\" \/>\n<meta property=\"og:type\" content=\"article\" \/>\n<meta property=\"og:title\" content=\"Augment dels viatges en autocaravanes - Autocaravanas, caravanas y furgonetas campers nuevas, ocasi\u00f3n y segunda mano\" \/>\n<meta property=\"og:description\" content=\"Si parlem del territori nacional sobre el\u00a0caravaning, els viatges en autocaravana, ha tingut un augment en la seva popularitat aquest any. De manera m\u00e9s concreta, l&#8217;augment ha estat d&#8217;un 57% comparat amb l&#8217;any passat. Al fet que es pot deure aquest augment? Un clar exemple seria el grau d&#8217;autonomia d&#8217;aquesta manera de viatjar, ja que\" \/>\n<meta property=\"og:url\" content=\"https:\/\/m3caravaning.com\/ca\/autocaravanes\/augment-dels-viatges-en-autocaravanes\/\" \/>\n<meta property=\"og:site_name\" content=\"Autocaravanas, caravanas y furgonetas campers nuevas, ocasi\u00f3n y segunda mano\" \/>\n<meta property=\"article:publisher\" content=\"https:\/\/www.facebook.com\/m3caravaning\" \/>\n<meta property=\"article:published_time\" content=\"2021-05-10T07:11:48+00:00\" \/>\n<meta property=\"article:modified_time\" content=\"2024-05-24T09:28:24+00:00\" \/>\n<meta property=\"og:image\" content=\"https:\/\/m3caravaning.com\/wp-content\/uploads\/2021\/01\/aumento-de-los-viajes-en-autocaravanas-id-403.jpg\" \/>\n\t<meta property=\"og:image:width\" content=\"850\" \/>\n\t<meta property=\"og:image:height\" content=\"300\" \/>\n\t<meta property=\"og:image:type\" content=\"image\/jpeg\" \/>\n<meta name=\"author\" content=\"M3 Caravaning\" \/>\n<meta name=\"twitter:card\" content=\"summary_large_image\" \/>\n<meta name=\"twitter:creator\" content=\"@M3Caravaning\" \/>\n<meta name=\"twitter:site\" content=\"@M3Caravaning\" \/>\n<meta name=\"twitter:label1\" content=\"Written by\" \/>\n\t<meta name=\"twitter:data1\" content=\"M3 Caravaning\" \/>\n\t<meta name=\"twitter:label2\" content=\"Est. reading time\" \/>\n\t<meta name=\"twitter:data2\" content=\"3 minutes\" \/>\n<script type=\"application\/ld+json\" class=\"yoast-schema-graph\">{\"@context\":\"https:\/\/schema.org\",\"@graph\":[{\"@type\":\"WebPage\",\"@id\":\"https:\/\/m3caravaning.com\/ca\/autocaravanes\/augment-dels-viatges-en-autocaravanes\/\",\"url\":\"https:\/\/m3caravaning.com\/ca\/autocaravanes\/augment-dels-viatges-en-autocaravanes\/\",\"name\":\"Augment dels viatges en autocaravanes - Autocaravanas, caravanas y furgonetas campers nuevas, ocasi\u00f3n y segunda mano\",\"isPartOf\":{\"@id\":\"https:\/\/m3caravaning.com\/ca\/#website\"},\"primaryImageOfPage\":{\"@id\":\"https:\/\/m3caravaning.com\/ca\/autocaravanes\/augment-dels-viatges-en-autocaravanes\/#primaryimage\"},\"image\":{\"@id\":\"https:\/\/m3caravaning.com\/ca\/autocaravanes\/augment-dels-viatges-en-autocaravanes\/#primaryimage\"},\"thumbnailUrl\":\"https:\/\/m3caravaning.com\/wp-content\/uploads\/2021\/01\/aumento-de-los-viajes-en-autocaravanas-id-403.jpg\",\"datePublished\":\"2021-05-10T07:11:48+00:00\",\"dateModified\":\"2024-05-24T09:28:24+00:00\",\"author\":{\"@id\":\"https:\/\/m3caravaning.com\/ca\/#\/schema\/person\/10e5f1edce4be1f414d4bde1bcf0c65f\"},\"breadcrumb\":{\"@id\":\"https:\/\/m3caravaning.com\/ca\/autocaravanes\/augment-dels-viatges-en-autocaravanes\/#breadcrumb\"},\"inLanguage\":\"ca\",\"potentialAction\":[{\"@type\":\"ReadAction\",\"target\":[\"https:\/\/m3caravaning.com\/ca\/autocaravanes\/augment-dels-viatges-en-autocaravanes\/\"]}]},{\"@type\":\"ImageObject\",\"inLanguage\":\"ca\",\"@id\":\"https:\/\/m3caravaning.com\/ca\/autocaravanes\/augment-dels-viatges-en-autocaravanes\/#primaryimage\",\"url\":\"https:\/\/m3caravaning.com\/wp-content\/uploads\/2021\/01\/aumento-de-los-viajes-en-autocaravanas-id-403.jpg\",\"contentUrl\":\"https:\/\/m3caravaning.com\/wp-content\/uploads\/2021\/01\/aumento-de-los-viajes-en-autocaravanas-id-403.jpg\",\"width\":850,\"height\":300},{\"@type\":\"BreadcrumbList\",\"@id\":\"https:\/\/m3caravaning.com\/ca\/autocaravanes\/augment-dels-viatges-en-autocaravanes\/#breadcrumb\",\"itemListElement\":[{\"@type\":\"ListItem\",\"position\":1,\"name\":\"Portada\",\"item\":\"https:\/\/m3caravaning.com\/ca\/\"},{\"@type\":\"ListItem\",\"position\":2,\"name\":\"Augment dels viatges en autocaravanes\"}]},{\"@type\":\"WebSite\",\"@id\":\"https:\/\/m3caravaning.com\/ca\/#website\",\"url\":\"https:\/\/m3caravaning.com\/ca\/\",\"name\":\"Autocaravanas, caravanas y furgonetas campers nuevas, ocasi\u00f3n y segunda mano\",\"description\":\"Tu tienda de autocaravanas, campers y caravanas nuevas y de segunda mano. Alquiler, tienda de recambios, taller, seguros, etc.\",\"potentialAction\":[{\"@type\":\"SearchAction\",\"target\":{\"@type\":\"EntryPoint\",\"urlTemplate\":\"https:\/\/m3caravaning.com\/ca\/?s={search_term_string}\"},\"query-input\":\"required name=search_term_string\"}],\"inLanguage\":\"ca\"},{\"@type\":\"Person\",\"@id\":\"https:\/\/m3caravaning.com\/ca\/#\/schema\/person\/10e5f1edce4be1f414d4bde1bcf0c65f\",\"name\":\"M3 Caravaning\",\"image\":{\"@type\":\"ImageObject\",\"inLanguage\":\"ca\",\"@id\":\"https:\/\/m3caravaning.com\/ca\/#\/schema\/person\/image\/\",\"url\":\"https:\/\/secure.gravatar.com\/avatar\/45cc9e7bfaa20654bd7626e499aa306a8db18ee338763b6b771e707ccbeef54c?s=96&d=mm&r=g\",\"contentUrl\":\"https:\/\/secure.gravatar.com\/avatar\/45cc9e7bfaa20654bd7626e499aa306a8db18ee338763b6b771e707ccbeef54c?s=96&d=mm&r=g\",\"caption\":\"M3 Caravaning\"}}]}<\/script>\n<!-- \/ Yoast SEO plugin. -->","yoast_head_json":{"title":"Augment dels viatges en autocaravanes - Autocaravanas, caravanas y furgonetas campers nuevas, ocasi\u00f3n y segunda mano","robots":{"index":"index","follow":"follow","max-snippet":"max-snippet:-1","max-image-preview":"max-image-preview:large","max-video-preview":"max-video-preview:-1"},"canonical":"https:\/\/m3caravaning.com\/ca\/autocaravanes\/augment-dels-viatges-en-autocaravanes\/","og_locale":"ca_ES","og_type":"article","og_title":"Augment dels viatges en autocaravanes - Autocaravanas, caravanas y furgonetas campers nuevas, ocasi\u00f3n y segunda mano","og_description":"Si parlem del territori nacional sobre el\u00a0caravaning, els viatges en autocaravana, ha tingut un augment en la seva popularitat aquest any. De manera m\u00e9s concreta, l&#8217;augment ha estat d&#8217;un 57% comparat amb l&#8217;any passat. Al fet que es pot deure aquest augment? Un clar exemple seria el grau d&#8217;autonomia d&#8217;aquesta manera de viatjar, ja que","og_url":"https:\/\/m3caravaning.com\/ca\/autocaravanes\/augment-dels-viatges-en-autocaravanes\/","og_site_name":"Autocaravanas, caravanas y furgonetas campers nuevas, ocasi\u00f3n y segunda mano","article_publisher":"https:\/\/www.facebook.com\/m3caravaning","article_published_time":"2021-05-10T07:11:48+00:00","article_modified_time":"2024-05-24T09:28:24+00:00","og_image":[{"width":850,"height":300,"url":"https:\/\/m3caravaning.com\/wp-content\/uploads\/2021\/01\/aumento-de-los-viajes-en-autocaravanas-id-403.jpg","type":"image\/jpeg"}],"author":"M3 Caravaning","twitter_card":"summary_large_image","twitter_creator":"@M3Caravaning","twitter_site":"@M3Caravaning","twitter_misc":{"Written by":"M3 Caravaning","Est. reading time":"3 minutes"},"schema":{"@context":"https:\/\/schema.org","@graph":[{"@type":"WebPage","@id":"https:\/\/m3caravaning.com\/ca\/autocaravanes\/augment-dels-viatges-en-autocaravanes\/","url":"https:\/\/m3caravaning.com\/ca\/autocaravanes\/augment-dels-viatges-en-autocaravanes\/","name":"Augment dels viatges en autocaravanes - Autocaravanas, caravanas y furgonetas campers nuevas, ocasi\u00f3n y segunda mano","isPartOf":{"@id":"https:\/\/m3caravaning.com\/ca\/#website"},"primaryImageOfPage":{"@id":"https:\/\/m3caravaning.com\/ca\/autocaravanes\/augment-dels-viatges-en-autocaravanes\/#primaryimage"},"image":{"@id":"https:\/\/m3caravaning.com\/ca\/autocaravanes\/augment-dels-viatges-en-autocaravanes\/#primaryimage"},"thumbnailUrl":"https:\/\/m3caravaning.com\/wp-content\/uploads\/2021\/01\/aumento-de-los-viajes-en-autocaravanas-id-403.jpg","datePublished":"2021-05-10T07:11:48+00:00","dateModified":"2024-05-24T09:28:24+00:00","author":{"@id":"https:\/\/m3caravaning.com\/ca\/#\/schema\/person\/10e5f1edce4be1f414d4bde1bcf0c65f"},"breadcrumb":{"@id":"https:\/\/m3caravaning.com\/ca\/autocaravanes\/augment-dels-viatges-en-autocaravanes\/#breadcrumb"},"inLanguage":"ca","potentialAction":[{"@type":"ReadAction","target":["https:\/\/m3caravaning.com\/ca\/autocaravanes\/augment-dels-viatges-en-autocaravanes\/"]}]},{"@type":"ImageObject","inLanguage":"ca","@id":"https:\/\/m3caravaning.com\/ca\/autocaravanes\/augment-dels-viatges-en-autocaravanes\/#primaryimage","url":"https:\/\/m3caravaning.com\/wp-content\/uploads\/2021\/01\/aumento-de-los-viajes-en-autocaravanas-id-403.jpg","contentUrl":"https:\/\/m3caravaning.com\/wp-content\/uploads\/2021\/01\/aumento-de-los-viajes-en-autocaravanas-id-403.jpg","width":850,"height":300},{"@type":"BreadcrumbList","@id":"https:\/\/m3caravaning.com\/ca\/autocaravanes\/augment-dels-viatges-en-autocaravanes\/#breadcrumb","itemListElement":[{"@type":"ListItem","position":1,"name":"Portada","item":"https:\/\/m3caravaning.com\/ca\/"},{"@type":"ListItem","position":2,"name":"Augment dels viatges en autocaravanes"}]},{"@type":"WebSite","@id":"https:\/\/m3caravaning.com\/ca\/#website","url":"https:\/\/m3caravaning.com\/ca\/","name":"Autocaravanas, caravanas y furgonetas campers nuevas, ocasi\u00f3n y segunda mano","description":"Tu tienda de autocaravanas, campers y caravanas nuevas y de segunda mano. Alquiler, tienda de recambios, taller, seguros, etc.","potentialAction":[{"@type":"SearchAction","target":{"@type":"EntryPoint","urlTemplate":"https:\/\/m3caravaning.com\/ca\/?s={search_term_string}"},"query-input":"required name=search_term_string"}],"inLanguage":"ca"},{"@type":"Person","@id":"https:\/\/m3caravaning.com\/ca\/#\/schema\/person\/10e5f1edce4be1f414d4bde1bcf0c65f","name":"M3 Caravaning","image":{"@type":"ImageObject","inLanguage":"ca","@id":"https:\/\/m3caravaning.com\/ca\/#\/schema\/person\/image\/","url":"https:\/\/secure.gravatar.com\/avatar\/45cc9e7bfaa20654bd7626e499aa306a8db18ee338763b6b771e707ccbeef54c?s=96&d=mm&r=g","contentUrl":"https:\/\/secure.gravatar.com\/avatar\/45cc9e7bfaa20654bd7626e499aa306a8db18ee338763b6b771e707ccbeef54c?s=96&d=mm&r=g","caption":"M3 Caravaning"}}]}},"_links":{"self":[{"href":"https:\/\/m3caravaning.com\/ca\/wp-json\/wp\/v2\/posts\/10134","targetHints":{"allow":["GET"]}}],"collection":[{"href":"https:\/\/m3caravaning.com\/ca\/wp-json\/wp\/v2\/posts"}],"about":[{"href":"https:\/\/m3caravaning.com\/ca\/wp-json\/wp\/v2\/types\/post"}],"author":[{"embeddable":true,"href":"https:\/\/m3caravaning.com\/ca\/wp-json\/wp\/v2\/users\/2"}],"replies":[{"embeddable":true,"href":"https:\/\/m3caravaning.com\/ca\/wp-json\/wp\/v2\/comments?post=10134"}],"version-history":[{"count":1,"href":"https:\/\/m3caravaning.com\/ca\/wp-json\/wp\/v2\/posts\/10134\/revisions"}],"predecessor-version":[{"id":619510,"href":"https:\/\/m3caravaning.com\/ca\/wp-json\/wp\/v2\/posts\/10134\/revisions\/619510"}],"wp:featuredmedia":[{"embeddable":true,"href":"https:\/\/m3caravaning.com\/ca\/wp-json\/wp\/v2\/media\/901"}],"wp:attachment":[{"href":"https:\/\/m3caravaning.com\/ca\/wp-json\/wp\/v2\/media?parent=10134"}],"wp:term":[{"taxonomy":"category","embeddable":true,"href":"https:\/\/m3caravaning.com\/ca\/wp-json\/wp\/v2\/categories?post=10134"},{"taxonomy":"post_tag","embeddable":true,"href":"https:\/\/m3caravaning.com\/ca\/wp-json\/wp\/v2\/tags?post=10134"}],"curies":[{"name":"wp","href":"https:\/\/api.w.org\/{rel}","templated":true}]}}