





{"id":1009,"date":"2020-12-01T11:50:15","date_gmt":"2020-12-01T10:50:15","guid":{"rendered":"https:\/\/m3caravaning.com\/?p=1009"},"modified":"2024-05-23T12:20:06","modified_gmt":"2024-05-23T10:20:06","slug":"reserva-la-teva-visita-virtual-a-m3-caravaning-et-mostrem-nostres-autocaravanes-des-de-casa","status":"publish","type":"post","link":"https:\/\/m3caravaning.com\/ca\/autocaravanes\/reserva-la-teva-visita-virtual-a-m3-caravaning-et-mostrem-nostres-autocaravanes-des-de-casa\/","title":{"rendered":"Reserva la teva visita virtual a M3 Caravaning, et mostrem nostres autocaravanes des de casa"},"content":{"rendered":"<p>A M3 Caravaning t&#8217;obrim les nostres portes perqu\u00e8 puguis visitar la nostra\u00a0<strong>gran exposici\u00f3 en caravanes, autocaravanes i furgonetes campers noves, d&#8217;ocasi\u00f3 i outlet<\/strong>. Sense moure&#8217;t de casa!<\/p>\n<p>A tots els interessats en venir a veure les nostres autocaravanes, caravanes o furgonetes campers i que tingueu\u00a0<strong>problemes de mobilitat<\/strong>\u00a0per les restriccions de l&#8217;covid, us oferim la possibilitat de realitzar una\u00a0<strong>visita virtual en la qual t&#8217;ensenyarem els vehicles<\/strong>\u00a0pels que tingueu inter\u00e8s i us resoldrem tots els dubtes.<\/p>\n<div id=\"ez-toc-container\" class=\"ez-toc-v2_0_82_2 counter-hierarchy ez-toc-counter ez-toc-custom ez-toc-container-direction\">\n<div class=\"ez-toc-title-container\">\n<p class=\"ez-toc-title ez-toc-toggle\" style=\"cursor:pointer\">Tabla de contenido<\/p>\n<span class=\"ez-toc-title-toggle\"><\/span><\/div>\n<nav><ul class='ez-toc-list ez-toc-list-level-1 ' ><li class='ez-toc-page-1 ez-toc-heading-level-2'><a class=\"ez-toc-link ez-toc-heading-1\" href=\"https:\/\/m3caravaning.com\/ca\/autocaravanes\/reserva-la-teva-visita-virtual-a-m3-caravaning-et-mostrem-nostres-autocaravanes-des-de-casa\/#RESERVA_LA_VISITA_VIRTUAL_PER_A_VEURE_ELS_NOSTRES_VEHICLES_DES_DE_CASA\" >RESERVA LA VISITA VIRTUAL PER A VEURE ELS NOSTRES VEHICLES DES DE CASA<\/a><\/li><li class='ez-toc-page-1 ez-toc-heading-level-2'><a class=\"ez-toc-link ez-toc-heading-2\" href=\"https:\/\/m3caravaning.com\/ca\/autocaravanes\/reserva-la-teva-visita-virtual-a-m3-caravaning-et-mostrem-nostres-autocaravanes-des-de-casa\/#Si_estas_interessat_en_reservar_una_visita_virtual_amb_nosaltres\" >Si est\u00e0s interessat en reservar una visita virtual amb nosaltres:<\/a><\/li><\/ul><\/nav><\/div>\n<h2><span class=\"ez-toc-section\" id=\"RESERVA_LA_VISITA_VIRTUAL_PER_A_VEURE_ELS_NOSTRES_VEHICLES_DES_DE_CASA\"><\/span><strong>RESERVA LA VISITA VIRTUAL PER A VEURE ELS NOSTRES VEHICLES DES DE CASA<\/strong><span class=\"ez-toc-section-end\"><\/span><\/h2>\n<p>En la visita virtual podreu veure** autocaravanes nous de les marques Knaus, Pilote i Weinsberg**. Autocaravanes nous de format integral, perfilats, perfilats amb llit basculant i tamb\u00e9 caputxins. Tamb\u00e9 podreu veure\u00a0<strong>furgonetes campers de les marques Knaus, Weinsberg i Pilote<\/strong>\u00a0de mesures des dels 5,40 metres de llargada fins als 6,30 metres i amb distribucions variades per a parelles o per a fam\u00edlies de fins a 4 membres. Tamb\u00e9, en la visita virtual de la nostra exposici\u00f3 podreu veure\u00a0<strong>caravanes noves de les marques Knaus, Weinsberg i Fendt<\/strong>\u00a0amb distribucions petites des dels 4 metres de llargada interior ideal per a parelles o per a fam\u00edlies ruteres fins distribucions grans de tres ambients per a fam\u00edlies campistes.<\/p>\n<h2><span class=\"ez-toc-section\" id=\"Si_estas_interessat_en_reservar_una_visita_virtual_amb_nosaltres\"><\/span><strong>Si est\u00e0s interessat en reservar una visita virtual amb nosaltres:<\/strong><span class=\"ez-toc-section-end\"><\/span><\/h2>\n<p><strong>&#8211; Truca&#8217;ns a l&#8217;938182500<\/strong><\/p>\n<p><strong>&#8211; envia&#8217;ns una email a: info@m3caravaning.com<\/strong><\/p>\n<p><strong><a href=\"https:\/\/m3caravaning.com\/ca\/contacte\/\">&#8211; O omple el formulari de contacte: click aqu\u00ed<\/a><\/strong><\/p>\n<p><strong>I programarem la teva propera visita virtual a l&#8217;exposici\u00f3 de M3 Caravaning!<\/strong><\/p>\n<img fetchpriority=\"high\" decoding=\"async\" class=\"alignnone size-medium wp-image-1010\" src=\"https:\/\/m3caravaning.com\/wp-content\/uploads\/2021\/01\/visitavirtualm3caravaning01-300x241.jpg\" alt=\"\" width=\"300\" height=\"241\" \/>\n","protected":false},"excerpt":{"rendered":"<p>A M3 Caravaning t&#8217;obrim les nostres portes perqu\u00e8 puguis visitar la nostra\u00a0gran exposici\u00f3 en caravanes, autocaravanes i furgonetes campers noves, d&#8217;ocasi\u00f3 i outlet. Sense moure&#8217;t de casa! A tots els interessats en venir a veure les nostres autocaravanes, caravanes o furgonetes campers i que tingueu\u00a0problemes de mobilitat\u00a0per les restriccions de l&#8217;covid, us oferim la possibilitat<\/p>\n","protected":false},"author":2,"featured_media":380,"comment_status":"closed","ping_status":"open","sticky":false,"template":"","format":"standard","meta":{"footnotes":""},"categories":[15,16,17],"tags":[],"class_list":["post-1009","post","type-post","status-publish","format-standard","has-post-thumbnail","hentry","category-autocaravanes","category-campers-ca","category-caravanes"],"yoast_head":"<!-- This site is optimized with the Yoast SEO plugin v22.4 - https:\/\/yoast.com\/wordpress\/plugins\/seo\/ -->\n<title>Reserva la teva visita virtual a M3 Caravaning et mostrem nostres autocaravanes des de casa - Autocaravanas, caravanas y furgonetas campers nuevas, ocasi\u00f3n y segunda mano<\/title>\n<meta name=\"description\" content=\"T&#039;obrim les portes de la reserva la teva visita virtual a M3 Caravaning et mostrem nostres autocaravanes des de casa.\" \/>\n<meta name=\"robots\" content=\"index, follow, max-snippet:-1, max-image-preview:large, max-video-preview:-1\" \/>\n<link rel=\"canonical\" href=\"https:\/\/m3caravaning.com\/ca\/autocaravanes\/reserva-la-teva-visita-virtual-a-m3-caravaning-et-mostrem-nostres-autocaravanes-des-de-casa\/\" \/>\n<meta property=\"og:locale\" content=\"ca_ES\" \/>\n<meta property=\"og:type\" content=\"article\" \/>\n<meta property=\"og:title\" content=\"Reserva la teva visita virtual a M3 Caravaning et mostrem nostres autocaravanes des de casa - Autocaravanas, caravanas y furgonetas campers nuevas, ocasi\u00f3n y segunda mano\" \/>\n<meta property=\"og:description\" content=\"T&#039;obrim les portes de la reserva la teva visita virtual a M3 Caravaning et mostrem nostres autocaravanes des de casa.\" \/>\n<meta property=\"og:url\" content=\"https:\/\/m3caravaning.com\/ca\/autocaravanes\/reserva-la-teva-visita-virtual-a-m3-caravaning-et-mostrem-nostres-autocaravanes-des-de-casa\/\" \/>\n<meta property=\"og:site_name\" content=\"Autocaravanas, caravanas y furgonetas campers nuevas, ocasi\u00f3n y segunda mano\" \/>\n<meta property=\"article:publisher\" content=\"https:\/\/www.facebook.com\/m3caravaning\" \/>\n<meta property=\"article:published_time\" content=\"2020-12-01T10:50:15+00:00\" \/>\n<meta property=\"article:modified_time\" content=\"2024-05-23T10:20:06+00:00\" \/>\n<meta property=\"og:image\" content=\"https:\/\/m3caravaning.com\/wp-content\/uploads\/2021\/01\/reserva-tu-visita-virtual-en-m3-caravaning-te-mostramos-nuestras-autocaravanas-desde-casa-id-440-scaled.jpg\" \/>\n\t<meta property=\"og:image:width\" content=\"2560\" \/>\n\t<meta property=\"og:image:height\" content=\"2052\" \/>\n\t<meta property=\"og:image:type\" content=\"image\/jpeg\" \/>\n<meta name=\"author\" content=\"M3 Caravaning\" \/>\n<meta name=\"twitter:card\" content=\"summary_large_image\" \/>\n<meta name=\"twitter:creator\" content=\"@M3Caravaning\" \/>\n<meta name=\"twitter:site\" content=\"@M3Caravaning\" \/>\n<meta name=\"twitter:label1\" content=\"Written by\" \/>\n\t<meta name=\"twitter:data1\" content=\"M3 Caravaning\" \/>\n\t<meta name=\"twitter:label2\" content=\"Est. reading time\" \/>\n\t<meta name=\"twitter:data2\" content=\"2 minutes\" \/>\n<script type=\"application\/ld+json\" class=\"yoast-schema-graph\">{\"@context\":\"https:\/\/schema.org\",\"@graph\":[{\"@type\":\"WebPage\",\"@id\":\"https:\/\/m3caravaning.com\/ca\/autocaravanes\/reserva-la-teva-visita-virtual-a-m3-caravaning-et-mostrem-nostres-autocaravanes-des-de-casa\/\",\"url\":\"https:\/\/m3caravaning.com\/ca\/autocaravanes\/reserva-la-teva-visita-virtual-a-m3-caravaning-et-mostrem-nostres-autocaravanes-des-de-casa\/\",\"name\":\"Reserva la teva visita virtual a M3 Caravaning et mostrem nostres autocaravanes des de casa - Autocaravanas, caravanas y furgonetas campers nuevas, ocasi\u00f3n y segunda mano\",\"isPartOf\":{\"@id\":\"https:\/\/m3caravaning.com\/ca\/#website\"},\"primaryImageOfPage\":{\"@id\":\"https:\/\/m3caravaning.com\/ca\/autocaravanes\/reserva-la-teva-visita-virtual-a-m3-caravaning-et-mostrem-nostres-autocaravanes-des-de-casa\/#primaryimage\"},\"image\":{\"@id\":\"https:\/\/m3caravaning.com\/ca\/autocaravanes\/reserva-la-teva-visita-virtual-a-m3-caravaning-et-mostrem-nostres-autocaravanes-des-de-casa\/#primaryimage\"},\"thumbnailUrl\":\"https:\/\/m3caravaning.com\/wp-content\/uploads\/2021\/01\/reserva-tu-visita-virtual-en-m3-caravaning-te-mostramos-nuestras-autocaravanas-desde-casa-id-440-scaled.jpg\",\"datePublished\":\"2020-12-01T10:50:15+00:00\",\"dateModified\":\"2024-05-23T10:20:06+00:00\",\"author\":{\"@id\":\"https:\/\/m3caravaning.com\/ca\/#\/schema\/person\/10e5f1edce4be1f414d4bde1bcf0c65f\"},\"description\":\"T'obrim les portes de la reserva la teva visita virtual a M3 Caravaning et mostrem nostres autocaravanes des de casa.\",\"breadcrumb\":{\"@id\":\"https:\/\/m3caravaning.com\/ca\/autocaravanes\/reserva-la-teva-visita-virtual-a-m3-caravaning-et-mostrem-nostres-autocaravanes-des-de-casa\/#breadcrumb\"},\"inLanguage\":\"ca\",\"potentialAction\":[{\"@type\":\"ReadAction\",\"target\":[\"https:\/\/m3caravaning.com\/ca\/autocaravanes\/reserva-la-teva-visita-virtual-a-m3-caravaning-et-mostrem-nostres-autocaravanes-des-de-casa\/\"]}]},{\"@type\":\"ImageObject\",\"inLanguage\":\"ca\",\"@id\":\"https:\/\/m3caravaning.com\/ca\/autocaravanes\/reserva-la-teva-visita-virtual-a-m3-caravaning-et-mostrem-nostres-autocaravanes-des-de-casa\/#primaryimage\",\"url\":\"https:\/\/m3caravaning.com\/wp-content\/uploads\/2021\/01\/reserva-tu-visita-virtual-en-m3-caravaning-te-mostramos-nuestras-autocaravanas-desde-casa-id-440-scaled.jpg\",\"contentUrl\":\"https:\/\/m3caravaning.com\/wp-content\/uploads\/2021\/01\/reserva-tu-visita-virtual-en-m3-caravaning-te-mostramos-nuestras-autocaravanas-desde-casa-id-440-scaled.jpg\",\"width\":2560,\"height\":2052},{\"@type\":\"BreadcrumbList\",\"@id\":\"https:\/\/m3caravaning.com\/ca\/autocaravanes\/reserva-la-teva-visita-virtual-a-m3-caravaning-et-mostrem-nostres-autocaravanes-des-de-casa\/#breadcrumb\",\"itemListElement\":[{\"@type\":\"ListItem\",\"position\":1,\"name\":\"Portada\",\"item\":\"https:\/\/m3caravaning.com\/ca\/\"},{\"@type\":\"ListItem\",\"position\":2,\"name\":\"Reserva la teva visita virtual a M3 Caravaning, et mostrem nostres autocaravanes des de casa\"}]},{\"@type\":\"WebSite\",\"@id\":\"https:\/\/m3caravaning.com\/ca\/#website\",\"url\":\"https:\/\/m3caravaning.com\/ca\/\",\"name\":\"Autocaravanas, caravanas y furgonetas campers nuevas, ocasi\u00f3n y segunda mano\",\"description\":\"Tu tienda de autocaravanas, campers y caravanas nuevas y de segunda mano. Alquiler, tienda de recambios, taller, seguros, etc.\",\"potentialAction\":[{\"@type\":\"SearchAction\",\"target\":{\"@type\":\"EntryPoint\",\"urlTemplate\":\"https:\/\/m3caravaning.com\/ca\/?s={search_term_string}\"},\"query-input\":\"required name=search_term_string\"}],\"inLanguage\":\"ca\"},{\"@type\":\"Person\",\"@id\":\"https:\/\/m3caravaning.com\/ca\/#\/schema\/person\/10e5f1edce4be1f414d4bde1bcf0c65f\",\"name\":\"M3 Caravaning\",\"image\":{\"@type\":\"ImageObject\",\"inLanguage\":\"ca\",\"@id\":\"https:\/\/m3caravaning.com\/ca\/#\/schema\/person\/image\/\",\"url\":\"https:\/\/secure.gravatar.com\/avatar\/45cc9e7bfaa20654bd7626e499aa306a8db18ee338763b6b771e707ccbeef54c?s=96&d=mm&r=g\",\"contentUrl\":\"https:\/\/secure.gravatar.com\/avatar\/45cc9e7bfaa20654bd7626e499aa306a8db18ee338763b6b771e707ccbeef54c?s=96&d=mm&r=g\",\"caption\":\"M3 Caravaning\"}}]}<\/script>\n<!-- \/ Yoast SEO plugin. -->","yoast_head_json":{"title":"Reserva la teva visita virtual a M3 Caravaning et mostrem nostres autocaravanes des de casa - Autocaravanas, caravanas y furgonetas campers nuevas, ocasi\u00f3n y segunda mano","description":"T'obrim les portes de la reserva la teva visita virtual a M3 Caravaning et mostrem nostres autocaravanes des de casa.","robots":{"index":"index","follow":"follow","max-snippet":"max-snippet:-1","max-image-preview":"max-image-preview:large","max-video-preview":"max-video-preview:-1"},"canonical":"https:\/\/m3caravaning.com\/ca\/autocaravanes\/reserva-la-teva-visita-virtual-a-m3-caravaning-et-mostrem-nostres-autocaravanes-des-de-casa\/","og_locale":"ca_ES","og_type":"article","og_title":"Reserva la teva visita virtual a M3 Caravaning et mostrem nostres autocaravanes des de casa - Autocaravanas, caravanas y furgonetas campers nuevas, ocasi\u00f3n y segunda mano","og_description":"T'obrim les portes de la reserva la teva visita virtual a M3 Caravaning et mostrem nostres autocaravanes des de casa.","og_url":"https:\/\/m3caravaning.com\/ca\/autocaravanes\/reserva-la-teva-visita-virtual-a-m3-caravaning-et-mostrem-nostres-autocaravanes-des-de-casa\/","og_site_name":"Autocaravanas, caravanas y furgonetas campers nuevas, ocasi\u00f3n y segunda mano","article_publisher":"https:\/\/www.facebook.com\/m3caravaning","article_published_time":"2020-12-01T10:50:15+00:00","article_modified_time":"2024-05-23T10:20:06+00:00","og_image":[{"width":2560,"height":2052,"url":"https:\/\/m3caravaning.com\/wp-content\/uploads\/2021\/01\/reserva-tu-visita-virtual-en-m3-caravaning-te-mostramos-nuestras-autocaravanas-desde-casa-id-440-scaled.jpg","type":"image\/jpeg"}],"author":"M3 Caravaning","twitter_card":"summary_large_image","twitter_creator":"@M3Caravaning","twitter_site":"@M3Caravaning","twitter_misc":{"Written by":"M3 Caravaning","Est. reading time":"2 minutes"},"schema":{"@context":"https:\/\/schema.org","@graph":[{"@type":"WebPage","@id":"https:\/\/m3caravaning.com\/ca\/autocaravanes\/reserva-la-teva-visita-virtual-a-m3-caravaning-et-mostrem-nostres-autocaravanes-des-de-casa\/","url":"https:\/\/m3caravaning.com\/ca\/autocaravanes\/reserva-la-teva-visita-virtual-a-m3-caravaning-et-mostrem-nostres-autocaravanes-des-de-casa\/","name":"Reserva la teva visita virtual a M3 Caravaning et mostrem nostres autocaravanes des de casa - Autocaravanas, caravanas y furgonetas campers nuevas, ocasi\u00f3n y segunda mano","isPartOf":{"@id":"https:\/\/m3caravaning.com\/ca\/#website"},"primaryImageOfPage":{"@id":"https:\/\/m3caravaning.com\/ca\/autocaravanes\/reserva-la-teva-visita-virtual-a-m3-caravaning-et-mostrem-nostres-autocaravanes-des-de-casa\/#primaryimage"},"image":{"@id":"https:\/\/m3caravaning.com\/ca\/autocaravanes\/reserva-la-teva-visita-virtual-a-m3-caravaning-et-mostrem-nostres-autocaravanes-des-de-casa\/#primaryimage"},"thumbnailUrl":"https:\/\/m3caravaning.com\/wp-content\/uploads\/2021\/01\/reserva-tu-visita-virtual-en-m3-caravaning-te-mostramos-nuestras-autocaravanas-desde-casa-id-440-scaled.jpg","datePublished":"2020-12-01T10:50:15+00:00","dateModified":"2024-05-23T10:20:06+00:00","author":{"@id":"https:\/\/m3caravaning.com\/ca\/#\/schema\/person\/10e5f1edce4be1f414d4bde1bcf0c65f"},"description":"T'obrim les portes de la reserva la teva visita virtual a M3 Caravaning et mostrem nostres autocaravanes des de casa.","breadcrumb":{"@id":"https:\/\/m3caravaning.com\/ca\/autocaravanes\/reserva-la-teva-visita-virtual-a-m3-caravaning-et-mostrem-nostres-autocaravanes-des-de-casa\/#breadcrumb"},"inLanguage":"ca","potentialAction":[{"@type":"ReadAction","target":["https:\/\/m3caravaning.com\/ca\/autocaravanes\/reserva-la-teva-visita-virtual-a-m3-caravaning-et-mostrem-nostres-autocaravanes-des-de-casa\/"]}]},{"@type":"ImageObject","inLanguage":"ca","@id":"https:\/\/m3caravaning.com\/ca\/autocaravanes\/reserva-la-teva-visita-virtual-a-m3-caravaning-et-mostrem-nostres-autocaravanes-des-de-casa\/#primaryimage","url":"https:\/\/m3caravaning.com\/wp-content\/uploads\/2021\/01\/reserva-tu-visita-virtual-en-m3-caravaning-te-mostramos-nuestras-autocaravanas-desde-casa-id-440-scaled.jpg","contentUrl":"https:\/\/m3caravaning.com\/wp-content\/uploads\/2021\/01\/reserva-tu-visita-virtual-en-m3-caravaning-te-mostramos-nuestras-autocaravanas-desde-casa-id-440-scaled.jpg","width":2560,"height":2052},{"@type":"BreadcrumbList","@id":"https:\/\/m3caravaning.com\/ca\/autocaravanes\/reserva-la-teva-visita-virtual-a-m3-caravaning-et-mostrem-nostres-autocaravanes-des-de-casa\/#breadcrumb","itemListElement":[{"@type":"ListItem","position":1,"name":"Portada","item":"https:\/\/m3caravaning.com\/ca\/"},{"@type":"ListItem","position":2,"name":"Reserva la teva visita virtual a M3 Caravaning, et mostrem nostres autocaravanes des de casa"}]},{"@type":"WebSite","@id":"https:\/\/m3caravaning.com\/ca\/#website","url":"https:\/\/m3caravaning.com\/ca\/","name":"Autocaravanas, caravanas y furgonetas campers nuevas, ocasi\u00f3n y segunda mano","description":"Tu tienda de autocaravanas, campers y caravanas nuevas y de segunda mano. Alquiler, tienda de recambios, taller, seguros, etc.","potentialAction":[{"@type":"SearchAction","target":{"@type":"EntryPoint","urlTemplate":"https:\/\/m3caravaning.com\/ca\/?s={search_term_string}"},"query-input":"required name=search_term_string"}],"inLanguage":"ca"},{"@type":"Person","@id":"https:\/\/m3caravaning.com\/ca\/#\/schema\/person\/10e5f1edce4be1f414d4bde1bcf0c65f","name":"M3 Caravaning","image":{"@type":"ImageObject","inLanguage":"ca","@id":"https:\/\/m3caravaning.com\/ca\/#\/schema\/person\/image\/","url":"https:\/\/secure.gravatar.com\/avatar\/45cc9e7bfaa20654bd7626e499aa306a8db18ee338763b6b771e707ccbeef54c?s=96&d=mm&r=g","contentUrl":"https:\/\/secure.gravatar.com\/avatar\/45cc9e7bfaa20654bd7626e499aa306a8db18ee338763b6b771e707ccbeef54c?s=96&d=mm&r=g","caption":"M3 Caravaning"}}]}},"_links":{"self":[{"href":"https:\/\/m3caravaning.com\/ca\/wp-json\/wp\/v2\/posts\/1009","targetHints":{"allow":["GET"]}}],"collection":[{"href":"https:\/\/m3caravaning.com\/ca\/wp-json\/wp\/v2\/posts"}],"about":[{"href":"https:\/\/m3caravaning.com\/ca\/wp-json\/wp\/v2\/types\/post"}],"author":[{"embeddable":true,"href":"https:\/\/m3caravaning.com\/ca\/wp-json\/wp\/v2\/users\/2"}],"replies":[{"embeddable":true,"href":"https:\/\/m3caravaning.com\/ca\/wp-json\/wp\/v2\/comments?post=1009"}],"version-history":[{"count":1,"href":"https:\/\/m3caravaning.com\/ca\/wp-json\/wp\/v2\/posts\/1009\/revisions"}],"predecessor-version":[{"id":619431,"href":"https:\/\/m3caravaning.com\/ca\/wp-json\/wp\/v2\/posts\/1009\/revisions\/619431"}],"wp:featuredmedia":[{"embeddable":true,"href":"https:\/\/m3caravaning.com\/ca\/wp-json\/wp\/v2\/media\/380"}],"wp:attachment":[{"href":"https:\/\/m3caravaning.com\/ca\/wp-json\/wp\/v2\/media?parent=1009"}],"wp:term":[{"taxonomy":"category","embeddable":true,"href":"https:\/\/m3caravaning.com\/ca\/wp-json\/wp\/v2\/categories?post=1009"},{"taxonomy":"post_tag","embeddable":true,"href":"https:\/\/m3caravaning.com\/ca\/wp-json\/wp\/v2\/tags?post=1009"}],"curies":[{"name":"wp","href":"https:\/\/api.w.org\/{rel}","templated":true}]}}