





{"id":10053,"date":"2020-09-09T11:52:59","date_gmt":"2020-09-09T09:52:59","guid":{"rendered":"https:\/\/m3caravaning.com\/?p=10053"},"modified":"2024-05-28T13:22:40","modified_gmt":"2024-05-28T11:22:40","slug":"com-es-lautocaravana-nova-de-luxe-knaus-sun-i-700-leg","status":"publish","type":"post","link":"https:\/\/m3caravaning.com\/ca\/autocaravanes\/com-es-lautocaravana-nova-de-luxe-knaus-sun-i-700-leg\/","title":{"rendered":"C\u00f3m \u00e9s l&#8217;autocaravana nova de luxe Knaus Sun I 700 LEG?"},"content":{"rendered":"<p>Dentro del mundo de las\u00a0<a href=\"https:\/\/m3caravaning.com\/ca\/autocaravanes\/\"><strong>autocaravanas<\/strong>\u00a0<\/a>hay infinidad de modelos, hoy os vamos hablar de una\u00a0<strong>autocaravana nueva de lujo<\/strong>\u00a0de la conocida marca alemana\u00a0<strong>Knaus, la Sun I 700 LEG<\/strong>. Una\u00a0<strong>autocaravana integral<\/strong>\u00a0perfecta para 4 personas, aunque pueden convivir hasta 6. \u00bfQuieres saber m\u00e1s? Te contamos algunas de las caracter\u00edsticas m\u00e1s importantes sobre esta\u00a0<strong>autocaravana nueva<\/strong>.<\/p>\n<p>Su equipamiento de serie es muy completo, aunque con M3 Caravaning puedes conseguir una serie de packs para completar tu\u00a0<strong>autocaravana<\/strong>\u00a0como m\u00e1s te guste. La instalaci\u00f3n el\u00e9ctrica de la\u00a0<strong>autocaravana<\/strong>\u00a0se caracteriza por su c\u00f3modo acceso al service Box desde el exterior. Adem\u00e1s, tiene toma externa de 230 V y diferentes tomas en el interior.<\/p>\n<div id=\"ez-toc-container\" class=\"ez-toc-v2_0_82_2 counter-hierarchy ez-toc-counter ez-toc-custom ez-toc-container-direction\">\n<div class=\"ez-toc-title-container\">\n<p class=\"ez-toc-title ez-toc-toggle\" style=\"cursor:pointer\">Tabla de contenido<\/p>\n<span class=\"ez-toc-title-toggle\"><\/span><\/div>\n<nav><ul class='ez-toc-list ez-toc-list-level-1 ' ><li class='ez-toc-page-1 ez-toc-heading-level-2'><a class=\"ez-toc-link ez-toc-heading-1\" href=\"https:\/\/m3caravaning.com\/ca\/autocaravanes\/com-es-lautocaravana-nova-de-luxe-knaus-sun-i-700-leg\/#Conoce_en_profundidad_la_Autocaravana_de_lujo\" >Conoce en profundidad la Autocaravana de lujo<\/a><\/li><li class='ez-toc-page-1 ez-toc-heading-level-2'><a class=\"ez-toc-link ez-toc-heading-2\" href=\"https:\/\/m3caravaning.com\/ca\/autocaravanes\/com-es-lautocaravana-nova-de-luxe-knaus-sun-i-700-leg\/#Una_autocaravana_de_lujo_sin_complejos\" >Una autocaravana de lujo sin complejos<\/a><\/li><\/ul><\/nav><\/div>\n<h2><span class=\"ez-toc-section\" id=\"Conoce_en_profundidad_la_Autocaravana_de_lujo\"><\/span><strong>Conoce en profundidad la Autocaravana de lujo<\/strong><span class=\"ez-toc-section-end\"><\/span><\/h2>\n<p>Su techo es de fibra de poli\u00e9ster, lo que le otorga una menor sensibilidad a los da\u00f1os producidos por el granizo. El techo y las paredes del interior son de aluminio revestidas con tejido consiguiendo as\u00ed una mejor insonorizaci\u00f3n.<\/p>\n<p>La luz de avance cuenta con sensor y la entrada de la\u00a0<strong>autocaravana nueva<\/strong>\u00a0tiene un escal\u00f3n el\u00e9ctrico para facilitar el acceso a la misma, mosquitera y protector de sol en cabina para una mejor conducci\u00f3n. Destacar su sistema ALDE de calefacci\u00f3n. La caldera, que funciona a gas o con 230 V, libera el calor de un modo homog\u00e9neo y silencioso, al tiempo que calienta continuamente el agua del calentador para duchas o lavabos.<\/p>\n<h2><span class=\"ez-toc-section\" id=\"Una_autocaravana_de_lujo_sin_complejos\"><\/span><strong>Una autocaravana de lujo sin complejos<\/strong><span class=\"ez-toc-section-end\"><\/span><\/h2>\n<p>La finalidad es una climatizaci\u00f3n completa, normalmente este tipo de calefacci\u00f3n solo lo tienen\u00a0<strong>autocaravanas nuevas de alta gama<\/strong> como es este caso. Su interior es bastante amplio con un gran n\u00famero de armarios para poder almacenar todo lo necesario. La cocina cuenta con un frigor\u00edfico de m\u00e1s de 140 litros, con una gran mesa de trabajo y una grifer\u00eda de alta calidad.<\/p>\n","protected":false},"excerpt":{"rendered":"<p>Dentro del mundo de las\u00a0autocaravanas\u00a0hay infinidad de modelos, hoy os vamos hablar de una\u00a0autocaravana nueva de lujo\u00a0de la conocida marca alemana\u00a0Knaus, la Sun I 700 LEG. Una\u00a0autocaravana integral\u00a0perfecta para 4 personas, aunque pueden convivir hasta 6. \u00bfQuieres saber m\u00e1s? Te contamos algunas de las caracter\u00edsticas m\u00e1s importantes sobre esta\u00a0autocaravana nueva. Su equipamiento de serie es<\/p>\n","protected":false},"author":2,"featured_media":687,"comment_status":"closed","ping_status":"open","sticky":false,"template":"","format":"standard","meta":{"footnotes":""},"categories":[15],"tags":[],"class_list":["post-10053","post","type-post","status-publish","format-standard","has-post-thumbnail","hentry","category-autocaravanes"],"yoast_head":"<!-- This site is optimized with the Yoast SEO plugin v22.4 - https:\/\/yoast.com\/wordpress\/plugins\/seo\/ -->\n<title>C\u00f3m \u00e9s l&#039;autocaravana nova de luxe Knaus Sun I 700 LEG? - Autocaravanas, caravanas y furgonetas campers nuevas, ocasi\u00f3n y segunda mano<\/title>\n<meta name=\"robots\" content=\"index, follow, max-snippet:-1, max-image-preview:large, max-video-preview:-1\" \/>\n<link rel=\"canonical\" href=\"https:\/\/m3caravaning.com\/ca\/autocaravanes\/com-es-lautocaravana-nova-de-luxe-knaus-sun-i-700-leg\/\" \/>\n<meta property=\"og:locale\" content=\"ca_ES\" \/>\n<meta property=\"og:type\" content=\"article\" \/>\n<meta property=\"og:title\" content=\"C\u00f3m \u00e9s l&#039;autocaravana nova de luxe Knaus Sun I 700 LEG? - Autocaravanas, caravanas y furgonetas campers nuevas, ocasi\u00f3n y segunda mano\" \/>\n<meta property=\"og:description\" content=\"Dentro del mundo de las\u00a0autocaravanas\u00a0hay infinidad de modelos, hoy os vamos hablar de una\u00a0autocaravana nueva de lujo\u00a0de la conocida marca alemana\u00a0Knaus, la Sun I 700 LEG. Una\u00a0autocaravana integral\u00a0perfecta para 4 personas, aunque pueden convivir hasta 6. \u00bfQuieres saber m\u00e1s? Te contamos algunas de las caracter\u00edsticas m\u00e1s importantes sobre esta\u00a0autocaravana nueva. Su equipamiento de serie es\" \/>\n<meta property=\"og:url\" content=\"https:\/\/m3caravaning.com\/ca\/autocaravanes\/com-es-lautocaravana-nova-de-luxe-knaus-sun-i-700-leg\/\" \/>\n<meta property=\"og:site_name\" content=\"Autocaravanas, caravanas y furgonetas campers nuevas, ocasi\u00f3n y segunda mano\" \/>\n<meta property=\"article:publisher\" content=\"https:\/\/www.facebook.com\/m3caravaning\" \/>\n<meta property=\"article:published_time\" content=\"2020-09-09T09:52:59+00:00\" \/>\n<meta property=\"article:modified_time\" content=\"2024-05-28T11:22:40+00:00\" \/>\n<meta property=\"og:image\" content=\"https:\/\/m3caravaning.com\/wp-content\/uploads\/2021\/01\/como-es-la-autocaravana-nueva-de-lujo-knaus-sun-i-700-leg-id-219.jpg\" \/>\n\t<meta property=\"og:image:width\" content=\"1000\" \/>\n\t<meta property=\"og:image:height\" content=\"450\" \/>\n\t<meta property=\"og:image:type\" content=\"image\/jpeg\" \/>\n<meta name=\"author\" content=\"M3 Caravaning\" \/>\n<meta name=\"twitter:card\" content=\"summary_large_image\" \/>\n<meta name=\"twitter:creator\" content=\"@M3Caravaning\" \/>\n<meta name=\"twitter:site\" content=\"@M3Caravaning\" \/>\n<meta name=\"twitter:label1\" content=\"Written by\" \/>\n\t<meta name=\"twitter:data1\" content=\"M3 Caravaning\" \/>\n\t<meta name=\"twitter:label2\" content=\"Est. reading time\" \/>\n\t<meta name=\"twitter:data2\" content=\"2 minutes\" \/>\n<script type=\"application\/ld+json\" class=\"yoast-schema-graph\">{\"@context\":\"https:\/\/schema.org\",\"@graph\":[{\"@type\":\"WebPage\",\"@id\":\"https:\/\/m3caravaning.com\/ca\/autocaravanes\/com-es-lautocaravana-nova-de-luxe-knaus-sun-i-700-leg\/\",\"url\":\"https:\/\/m3caravaning.com\/ca\/autocaravanes\/com-es-lautocaravana-nova-de-luxe-knaus-sun-i-700-leg\/\",\"name\":\"C\u00f3m \u00e9s l'autocaravana nova de luxe Knaus Sun I 700 LEG? - Autocaravanas, caravanas y furgonetas campers nuevas, ocasi\u00f3n y segunda mano\",\"isPartOf\":{\"@id\":\"https:\/\/m3caravaning.com\/ca\/#website\"},\"primaryImageOfPage\":{\"@id\":\"https:\/\/m3caravaning.com\/ca\/autocaravanes\/com-es-lautocaravana-nova-de-luxe-knaus-sun-i-700-leg\/#primaryimage\"},\"image\":{\"@id\":\"https:\/\/m3caravaning.com\/ca\/autocaravanes\/com-es-lautocaravana-nova-de-luxe-knaus-sun-i-700-leg\/#primaryimage\"},\"thumbnailUrl\":\"https:\/\/m3caravaning.com\/wp-content\/uploads\/2021\/01\/como-es-la-autocaravana-nueva-de-lujo-knaus-sun-i-700-leg-id-219.jpg\",\"datePublished\":\"2020-09-09T09:52:59+00:00\",\"dateModified\":\"2024-05-28T11:22:40+00:00\",\"author\":{\"@id\":\"https:\/\/m3caravaning.com\/ca\/#\/schema\/person\/10e5f1edce4be1f414d4bde1bcf0c65f\"},\"breadcrumb\":{\"@id\":\"https:\/\/m3caravaning.com\/ca\/autocaravanes\/com-es-lautocaravana-nova-de-luxe-knaus-sun-i-700-leg\/#breadcrumb\"},\"inLanguage\":\"ca\",\"potentialAction\":[{\"@type\":\"ReadAction\",\"target\":[\"https:\/\/m3caravaning.com\/ca\/autocaravanes\/com-es-lautocaravana-nova-de-luxe-knaus-sun-i-700-leg\/\"]}]},{\"@type\":\"ImageObject\",\"inLanguage\":\"ca\",\"@id\":\"https:\/\/m3caravaning.com\/ca\/autocaravanes\/com-es-lautocaravana-nova-de-luxe-knaus-sun-i-700-leg\/#primaryimage\",\"url\":\"https:\/\/m3caravaning.com\/wp-content\/uploads\/2021\/01\/como-es-la-autocaravana-nueva-de-lujo-knaus-sun-i-700-leg-id-219.jpg\",\"contentUrl\":\"https:\/\/m3caravaning.com\/wp-content\/uploads\/2021\/01\/como-es-la-autocaravana-nueva-de-lujo-knaus-sun-i-700-leg-id-219.jpg\",\"width\":1000,\"height\":450},{\"@type\":\"BreadcrumbList\",\"@id\":\"https:\/\/m3caravaning.com\/ca\/autocaravanes\/com-es-lautocaravana-nova-de-luxe-knaus-sun-i-700-leg\/#breadcrumb\",\"itemListElement\":[{\"@type\":\"ListItem\",\"position\":1,\"name\":\"Portada\",\"item\":\"https:\/\/m3caravaning.com\/ca\/\"},{\"@type\":\"ListItem\",\"position\":2,\"name\":\"C\u00f3m \u00e9s l&#8217;autocaravana nova de luxe Knaus Sun I 700 LEG?\"}]},{\"@type\":\"WebSite\",\"@id\":\"https:\/\/m3caravaning.com\/ca\/#website\",\"url\":\"https:\/\/m3caravaning.com\/ca\/\",\"name\":\"Autocaravanas, caravanas y furgonetas campers nuevas, ocasi\u00f3n y segunda mano\",\"description\":\"Tu tienda de autocaravanas, campers y caravanas nuevas y de segunda mano. Alquiler, tienda de recambios, taller, seguros, etc.\",\"potentialAction\":[{\"@type\":\"SearchAction\",\"target\":{\"@type\":\"EntryPoint\",\"urlTemplate\":\"https:\/\/m3caravaning.com\/ca\/?s={search_term_string}\"},\"query-input\":\"required name=search_term_string\"}],\"inLanguage\":\"ca\"},{\"@type\":\"Person\",\"@id\":\"https:\/\/m3caravaning.com\/ca\/#\/schema\/person\/10e5f1edce4be1f414d4bde1bcf0c65f\",\"name\":\"M3 Caravaning\",\"image\":{\"@type\":\"ImageObject\",\"inLanguage\":\"ca\",\"@id\":\"https:\/\/m3caravaning.com\/ca\/#\/schema\/person\/image\/\",\"url\":\"https:\/\/secure.gravatar.com\/avatar\/45cc9e7bfaa20654bd7626e499aa306a8db18ee338763b6b771e707ccbeef54c?s=96&d=mm&r=g\",\"contentUrl\":\"https:\/\/secure.gravatar.com\/avatar\/45cc9e7bfaa20654bd7626e499aa306a8db18ee338763b6b771e707ccbeef54c?s=96&d=mm&r=g\",\"caption\":\"M3 Caravaning\"}}]}<\/script>\n<!-- \/ Yoast SEO plugin. -->","yoast_head_json":{"title":"C\u00f3m \u00e9s l'autocaravana nova de luxe Knaus Sun I 700 LEG? - Autocaravanas, caravanas y furgonetas campers nuevas, ocasi\u00f3n y segunda mano","robots":{"index":"index","follow":"follow","max-snippet":"max-snippet:-1","max-image-preview":"max-image-preview:large","max-video-preview":"max-video-preview:-1"},"canonical":"https:\/\/m3caravaning.com\/ca\/autocaravanes\/com-es-lautocaravana-nova-de-luxe-knaus-sun-i-700-leg\/","og_locale":"ca_ES","og_type":"article","og_title":"C\u00f3m \u00e9s l'autocaravana nova de luxe Knaus Sun I 700 LEG? - Autocaravanas, caravanas y furgonetas campers nuevas, ocasi\u00f3n y segunda mano","og_description":"Dentro del mundo de las\u00a0autocaravanas\u00a0hay infinidad de modelos, hoy os vamos hablar de una\u00a0autocaravana nueva de lujo\u00a0de la conocida marca alemana\u00a0Knaus, la Sun I 700 LEG. Una\u00a0autocaravana integral\u00a0perfecta para 4 personas, aunque pueden convivir hasta 6. \u00bfQuieres saber m\u00e1s? Te contamos algunas de las caracter\u00edsticas m\u00e1s importantes sobre esta\u00a0autocaravana nueva. Su equipamiento de serie es","og_url":"https:\/\/m3caravaning.com\/ca\/autocaravanes\/com-es-lautocaravana-nova-de-luxe-knaus-sun-i-700-leg\/","og_site_name":"Autocaravanas, caravanas y furgonetas campers nuevas, ocasi\u00f3n y segunda mano","article_publisher":"https:\/\/www.facebook.com\/m3caravaning","article_published_time":"2020-09-09T09:52:59+00:00","article_modified_time":"2024-05-28T11:22:40+00:00","og_image":[{"width":1000,"height":450,"url":"https:\/\/m3caravaning.com\/wp-content\/uploads\/2021\/01\/como-es-la-autocaravana-nueva-de-lujo-knaus-sun-i-700-leg-id-219.jpg","type":"image\/jpeg"}],"author":"M3 Caravaning","twitter_card":"summary_large_image","twitter_creator":"@M3Caravaning","twitter_site":"@M3Caravaning","twitter_misc":{"Written by":"M3 Caravaning","Est. reading time":"2 minutes"},"schema":{"@context":"https:\/\/schema.org","@graph":[{"@type":"WebPage","@id":"https:\/\/m3caravaning.com\/ca\/autocaravanes\/com-es-lautocaravana-nova-de-luxe-knaus-sun-i-700-leg\/","url":"https:\/\/m3caravaning.com\/ca\/autocaravanes\/com-es-lautocaravana-nova-de-luxe-knaus-sun-i-700-leg\/","name":"C\u00f3m \u00e9s l'autocaravana nova de luxe Knaus Sun I 700 LEG? - Autocaravanas, caravanas y furgonetas campers nuevas, ocasi\u00f3n y segunda mano","isPartOf":{"@id":"https:\/\/m3caravaning.com\/ca\/#website"},"primaryImageOfPage":{"@id":"https:\/\/m3caravaning.com\/ca\/autocaravanes\/com-es-lautocaravana-nova-de-luxe-knaus-sun-i-700-leg\/#primaryimage"},"image":{"@id":"https:\/\/m3caravaning.com\/ca\/autocaravanes\/com-es-lautocaravana-nova-de-luxe-knaus-sun-i-700-leg\/#primaryimage"},"thumbnailUrl":"https:\/\/m3caravaning.com\/wp-content\/uploads\/2021\/01\/como-es-la-autocaravana-nueva-de-lujo-knaus-sun-i-700-leg-id-219.jpg","datePublished":"2020-09-09T09:52:59+00:00","dateModified":"2024-05-28T11:22:40+00:00","author":{"@id":"https:\/\/m3caravaning.com\/ca\/#\/schema\/person\/10e5f1edce4be1f414d4bde1bcf0c65f"},"breadcrumb":{"@id":"https:\/\/m3caravaning.com\/ca\/autocaravanes\/com-es-lautocaravana-nova-de-luxe-knaus-sun-i-700-leg\/#breadcrumb"},"inLanguage":"ca","potentialAction":[{"@type":"ReadAction","target":["https:\/\/m3caravaning.com\/ca\/autocaravanes\/com-es-lautocaravana-nova-de-luxe-knaus-sun-i-700-leg\/"]}]},{"@type":"ImageObject","inLanguage":"ca","@id":"https:\/\/m3caravaning.com\/ca\/autocaravanes\/com-es-lautocaravana-nova-de-luxe-knaus-sun-i-700-leg\/#primaryimage","url":"https:\/\/m3caravaning.com\/wp-content\/uploads\/2021\/01\/como-es-la-autocaravana-nueva-de-lujo-knaus-sun-i-700-leg-id-219.jpg","contentUrl":"https:\/\/m3caravaning.com\/wp-content\/uploads\/2021\/01\/como-es-la-autocaravana-nueva-de-lujo-knaus-sun-i-700-leg-id-219.jpg","width":1000,"height":450},{"@type":"BreadcrumbList","@id":"https:\/\/m3caravaning.com\/ca\/autocaravanes\/com-es-lautocaravana-nova-de-luxe-knaus-sun-i-700-leg\/#breadcrumb","itemListElement":[{"@type":"ListItem","position":1,"name":"Portada","item":"https:\/\/m3caravaning.com\/ca\/"},{"@type":"ListItem","position":2,"name":"C\u00f3m \u00e9s l&#8217;autocaravana nova de luxe Knaus Sun I 700 LEG?"}]},{"@type":"WebSite","@id":"https:\/\/m3caravaning.com\/ca\/#website","url":"https:\/\/m3caravaning.com\/ca\/","name":"Autocaravanas, caravanas y furgonetas campers nuevas, ocasi\u00f3n y segunda mano","description":"Tu tienda de autocaravanas, campers y caravanas nuevas y de segunda mano. Alquiler, tienda de recambios, taller, seguros, etc.","potentialAction":[{"@type":"SearchAction","target":{"@type":"EntryPoint","urlTemplate":"https:\/\/m3caravaning.com\/ca\/?s={search_term_string}"},"query-input":"required name=search_term_string"}],"inLanguage":"ca"},{"@type":"Person","@id":"https:\/\/m3caravaning.com\/ca\/#\/schema\/person\/10e5f1edce4be1f414d4bde1bcf0c65f","name":"M3 Caravaning","image":{"@type":"ImageObject","inLanguage":"ca","@id":"https:\/\/m3caravaning.com\/ca\/#\/schema\/person\/image\/","url":"https:\/\/secure.gravatar.com\/avatar\/45cc9e7bfaa20654bd7626e499aa306a8db18ee338763b6b771e707ccbeef54c?s=96&d=mm&r=g","contentUrl":"https:\/\/secure.gravatar.com\/avatar\/45cc9e7bfaa20654bd7626e499aa306a8db18ee338763b6b771e707ccbeef54c?s=96&d=mm&r=g","caption":"M3 Caravaning"}}]}},"_links":{"self":[{"href":"https:\/\/m3caravaning.com\/ca\/wp-json\/wp\/v2\/posts\/10053","targetHints":{"allow":["GET"]}}],"collection":[{"href":"https:\/\/m3caravaning.com\/ca\/wp-json\/wp\/v2\/posts"}],"about":[{"href":"https:\/\/m3caravaning.com\/ca\/wp-json\/wp\/v2\/types\/post"}],"author":[{"embeddable":true,"href":"https:\/\/m3caravaning.com\/ca\/wp-json\/wp\/v2\/users\/2"}],"replies":[{"embeddable":true,"href":"https:\/\/m3caravaning.com\/ca\/wp-json\/wp\/v2\/comments?post=10053"}],"version-history":[{"count":1,"href":"https:\/\/m3caravaning.com\/ca\/wp-json\/wp\/v2\/posts\/10053\/revisions"}],"predecessor-version":[{"id":619707,"href":"https:\/\/m3caravaning.com\/ca\/wp-json\/wp\/v2\/posts\/10053\/revisions\/619707"}],"wp:featuredmedia":[{"embeddable":true,"href":"https:\/\/m3caravaning.com\/ca\/wp-json\/wp\/v2\/media\/687"}],"wp:attachment":[{"href":"https:\/\/m3caravaning.com\/ca\/wp-json\/wp\/v2\/media?parent=10053"}],"wp:term":[{"taxonomy":"category","embeddable":true,"href":"https:\/\/m3caravaning.com\/ca\/wp-json\/wp\/v2\/categories?post=10053"},{"taxonomy":"post_tag","embeddable":true,"href":"https:\/\/m3caravaning.com\/ca\/wp-json\/wp\/v2\/tags?post=10053"}],"curies":[{"name":"wp","href":"https:\/\/api.w.org\/{rel}","templated":true}]}}