





{"id":10045,"date":"2018-05-29T11:36:22","date_gmt":"2018-05-29T09:36:22","guid":{"rendered":"https:\/\/m3caravaning.com\/?p=10045"},"modified":"2024-05-28T10:06:32","modified_gmt":"2024-05-28T08:06:32","slug":"viatjar-amb-lautocaravana-knaus-live-wave-650-mx","status":"publish","type":"post","link":"https:\/\/m3caravaning.com\/ca\/autocaravanes\/viatjar-amb-lautocaravana-knaus-live-wave-650-mx\/","title":{"rendered":"Viatjar amb l&#8217;autocaravana Knaus Live Wave 650 MX"},"content":{"rendered":"<p>Cada vegada tenim m\u00e9s a prop l&#8217;estiu, si vols fer-te amb una\u00a0<strong>caravana, autocaravana o furgoneta camper<\/strong>, \u00e9s el moment de triar i per poder viatjar sobre les 4 rodes. Avui et portem un model de la\u00a0<strong>marca Knaus<\/strong>, una de les marques d&#8217;<strong>autocaravanes<\/strong>\u00a0m\u00e9s conegudes del mercat.<\/p>\n<p>Aquest 2018, s&#8217;ha llan\u00e7at una versi\u00f3 molt especial de Knaus LIVE Wave, amb nous est\u00e0ndards i un nou disseny m\u00e9s din\u00e0mic i exclusiu. Aix\u00f2 s\u00ed, l&#8217;excel\u00b7lent relaci\u00f3 qualitat-preu no deixa indiferent a ning\u00fa.<\/p>\n<h2>Qu\u00e8 podem trobar en l&#8217;autocaravana Knaus LIVEWave?<\/h2>\n<p>Hem de destacar de la 650MX, el seu incre\u00efble i gran llit central en la part posterior, al quel es pot accedir c\u00f2modament per tots dos costats.<\/p>\n<p>A m\u00e9s a m\u00e9s, hem de destacar un altre llit, situada damunt del menjador de car\u00e0cter basculant amb espai per a dues persones m\u00e9s. Et recordem que tots els matalassos d&#8217;aquest vehicle s\u00f3n EvoPore i els somiers de fusta. Dormir ser\u00e0 un aut\u00e8ntic plaer.<\/p>\n<p>L&#8217;espai per guardar cosetes tampoc ser\u00e0 un problema, ja que els armaris situats a l&#8217;esquerra i dreta del llit posterior, compten amb un espai m\u00e9s que suficient per guardar tota la roba dels ocupants.<\/p>\n<p>El sal\u00f3 menjador \u00e9s molt espai\u00f3s, compta amb una capacitat per a cinc persones i seients ergon\u00f2mics per tothom.<\/p>\n<p>Cuinar el teu plat favorit ser\u00e0 tan f\u00e0cil com a teva casa gr\u00e0cies a la cuina en L composta de tres fogons, aig\u00fcera d&#8217;acer inoxidable, frigor\u00edfic de 142 litres i calaixos Soft-Close.<\/p>\n<p>El bany \u00e9s ampli, amb dutxa separada per a major comoditat dels usuaris. A\u00a0<strong>M3Caravaning<\/strong>\u00a0comptem amb l&#8217;\u00a0<strong>autocaravana Knaus Live Wave 650MX<\/strong>\u00a0i a m\u00e9s a m\u00e9s, hem pensat una promoci\u00f3 molt interessant per les 10 primeres unitats i estalvia&#8217;t molts diners! Demana&#8217;ns informaci\u00f3.\u00a0<a href=\"https:\/\/m3caravaning.com\/ca\/contacte\/\">t&#8217;esperem<\/a>!<\/p>\n","protected":false},"excerpt":{"rendered":"<p>Cada vegada tenim m\u00e9s a prop l&#8217;estiu, si vols fer-te amb una\u00a0caravana, autocaravana o furgoneta camper, \u00e9s el moment de triar i per poder viatjar sobre les 4 rodes. Avui et portem un model de la\u00a0marca Knaus, una de les marques d&#8217;autocaravanes\u00a0m\u00e9s conegudes del mercat. Aquest 2018, s&#8217;ha llan\u00e7at una versi\u00f3 molt especial de Knaus<\/p>\n","protected":false},"author":2,"featured_media":815,"comment_status":"closed","ping_status":"open","sticky":false,"template":"","format":"standard","meta":{"footnotes":""},"categories":[15],"tags":[],"class_list":["post-10045","post","type-post","status-publish","format-standard","has-post-thumbnail","hentry","category-autocaravanes"],"yoast_head":"<!-- This site is optimized with the Yoast SEO plugin v22.4 - https:\/\/yoast.com\/wordpress\/plugins\/seo\/ -->\n<title>Viatjar amb l&#039;autocaravana Knaus Live Wave 650 MX - Autocaravanas, caravanas y furgonetas campers nuevas, ocasi\u00f3n y segunda mano<\/title>\n<meta name=\"robots\" content=\"index, follow, max-snippet:-1, max-image-preview:large, max-video-preview:-1\" \/>\n<link rel=\"canonical\" href=\"https:\/\/m3caravaning.com\/ca\/autocaravanes\/viatjar-amb-lautocaravana-knaus-live-wave-650-mx\/\" \/>\n<meta property=\"og:locale\" content=\"ca_ES\" \/>\n<meta property=\"og:type\" content=\"article\" \/>\n<meta property=\"og:title\" content=\"Viatjar amb l&#039;autocaravana Knaus Live Wave 650 MX - Autocaravanas, caravanas y furgonetas campers nuevas, ocasi\u00f3n y segunda mano\" \/>\n<meta property=\"og:description\" content=\"Cada vegada tenim m\u00e9s a prop l&#8217;estiu, si vols fer-te amb una\u00a0caravana, autocaravana o furgoneta camper, \u00e9s el moment de triar i per poder viatjar sobre les 4 rodes. Avui et portem un model de la\u00a0marca Knaus, una de les marques d&#8217;autocaravanes\u00a0m\u00e9s conegudes del mercat. Aquest 2018, s&#8217;ha llan\u00e7at una versi\u00f3 molt especial de Knaus\" \/>\n<meta property=\"og:url\" content=\"https:\/\/m3caravaning.com\/ca\/autocaravanes\/viatjar-amb-lautocaravana-knaus-live-wave-650-mx\/\" \/>\n<meta property=\"og:site_name\" content=\"Autocaravanas, caravanas y furgonetas campers nuevas, ocasi\u00f3n y segunda mano\" \/>\n<meta property=\"article:publisher\" content=\"https:\/\/www.facebook.com\/m3caravaning\" \/>\n<meta property=\"article:published_time\" content=\"2018-05-29T09:36:22+00:00\" \/>\n<meta property=\"article:modified_time\" content=\"2024-05-28T08:06:32+00:00\" \/>\n<meta property=\"og:image\" content=\"https:\/\/m3caravaning.com\/wp-content\/uploads\/2021\/01\/viajar-con-la-autocaravana-knaus-live-wave-650-mx-id-166.jpg\" \/>\n\t<meta property=\"og:image:width\" content=\"1000\" \/>\n\t<meta property=\"og:image:height\" content=\"450\" \/>\n\t<meta property=\"og:image:type\" content=\"image\/jpeg\" \/>\n<meta name=\"author\" content=\"M3 Caravaning\" \/>\n<meta name=\"twitter:card\" content=\"summary_large_image\" \/>\n<meta name=\"twitter:creator\" content=\"@M3Caravaning\" \/>\n<meta name=\"twitter:site\" content=\"@M3Caravaning\" \/>\n<meta name=\"twitter:label1\" content=\"Written by\" \/>\n\t<meta name=\"twitter:data1\" content=\"M3 Caravaning\" \/>\n\t<meta name=\"twitter:label2\" content=\"Est. reading time\" \/>\n\t<meta name=\"twitter:data2\" content=\"2 minutes\" \/>\n<script type=\"application\/ld+json\" class=\"yoast-schema-graph\">{\"@context\":\"https:\/\/schema.org\",\"@graph\":[{\"@type\":\"WebPage\",\"@id\":\"https:\/\/m3caravaning.com\/ca\/autocaravanes\/viatjar-amb-lautocaravana-knaus-live-wave-650-mx\/\",\"url\":\"https:\/\/m3caravaning.com\/ca\/autocaravanes\/viatjar-amb-lautocaravana-knaus-live-wave-650-mx\/\",\"name\":\"Viatjar amb l'autocaravana Knaus Live Wave 650 MX - Autocaravanas, caravanas y furgonetas campers nuevas, ocasi\u00f3n y segunda mano\",\"isPartOf\":{\"@id\":\"https:\/\/m3caravaning.com\/ca\/#website\"},\"primaryImageOfPage\":{\"@id\":\"https:\/\/m3caravaning.com\/ca\/autocaravanes\/viatjar-amb-lautocaravana-knaus-live-wave-650-mx\/#primaryimage\"},\"image\":{\"@id\":\"https:\/\/m3caravaning.com\/ca\/autocaravanes\/viatjar-amb-lautocaravana-knaus-live-wave-650-mx\/#primaryimage\"},\"thumbnailUrl\":\"https:\/\/m3caravaning.com\/wp-content\/uploads\/2021\/01\/viajar-con-la-autocaravana-knaus-live-wave-650-mx-id-166.jpg\",\"datePublished\":\"2018-05-29T09:36:22+00:00\",\"dateModified\":\"2024-05-28T08:06:32+00:00\",\"author\":{\"@id\":\"https:\/\/m3caravaning.com\/ca\/#\/schema\/person\/10e5f1edce4be1f414d4bde1bcf0c65f\"},\"breadcrumb\":{\"@id\":\"https:\/\/m3caravaning.com\/ca\/autocaravanes\/viatjar-amb-lautocaravana-knaus-live-wave-650-mx\/#breadcrumb\"},\"inLanguage\":\"ca\",\"potentialAction\":[{\"@type\":\"ReadAction\",\"target\":[\"https:\/\/m3caravaning.com\/ca\/autocaravanes\/viatjar-amb-lautocaravana-knaus-live-wave-650-mx\/\"]}]},{\"@type\":\"ImageObject\",\"inLanguage\":\"ca\",\"@id\":\"https:\/\/m3caravaning.com\/ca\/autocaravanes\/viatjar-amb-lautocaravana-knaus-live-wave-650-mx\/#primaryimage\",\"url\":\"https:\/\/m3caravaning.com\/wp-content\/uploads\/2021\/01\/viajar-con-la-autocaravana-knaus-live-wave-650-mx-id-166.jpg\",\"contentUrl\":\"https:\/\/m3caravaning.com\/wp-content\/uploads\/2021\/01\/viajar-con-la-autocaravana-knaus-live-wave-650-mx-id-166.jpg\",\"width\":1000,\"height\":450},{\"@type\":\"BreadcrumbList\",\"@id\":\"https:\/\/m3caravaning.com\/ca\/autocaravanes\/viatjar-amb-lautocaravana-knaus-live-wave-650-mx\/#breadcrumb\",\"itemListElement\":[{\"@type\":\"ListItem\",\"position\":1,\"name\":\"Portada\",\"item\":\"https:\/\/m3caravaning.com\/ca\/\"},{\"@type\":\"ListItem\",\"position\":2,\"name\":\"Viatjar amb l&#8217;autocaravana Knaus Live Wave 650 MX\"}]},{\"@type\":\"WebSite\",\"@id\":\"https:\/\/m3caravaning.com\/ca\/#website\",\"url\":\"https:\/\/m3caravaning.com\/ca\/\",\"name\":\"Autocaravanas, caravanas y furgonetas campers nuevas, ocasi\u00f3n y segunda mano\",\"description\":\"Tu tienda de autocaravanas, campers y caravanas nuevas y de segunda mano. Alquiler, tienda de recambios, taller, seguros, etc.\",\"potentialAction\":[{\"@type\":\"SearchAction\",\"target\":{\"@type\":\"EntryPoint\",\"urlTemplate\":\"https:\/\/m3caravaning.com\/ca\/?s={search_term_string}\"},\"query-input\":\"required name=search_term_string\"}],\"inLanguage\":\"ca\"},{\"@type\":\"Person\",\"@id\":\"https:\/\/m3caravaning.com\/ca\/#\/schema\/person\/10e5f1edce4be1f414d4bde1bcf0c65f\",\"name\":\"M3 Caravaning\",\"image\":{\"@type\":\"ImageObject\",\"inLanguage\":\"ca\",\"@id\":\"https:\/\/m3caravaning.com\/ca\/#\/schema\/person\/image\/\",\"url\":\"https:\/\/secure.gravatar.com\/avatar\/45cc9e7bfaa20654bd7626e499aa306a8db18ee338763b6b771e707ccbeef54c?s=96&d=mm&r=g\",\"contentUrl\":\"https:\/\/secure.gravatar.com\/avatar\/45cc9e7bfaa20654bd7626e499aa306a8db18ee338763b6b771e707ccbeef54c?s=96&d=mm&r=g\",\"caption\":\"M3 Caravaning\"}}]}<\/script>\n<!-- \/ Yoast SEO plugin. -->","yoast_head_json":{"title":"Viatjar amb l'autocaravana Knaus Live Wave 650 MX - Autocaravanas, caravanas y furgonetas campers nuevas, ocasi\u00f3n y segunda mano","robots":{"index":"index","follow":"follow","max-snippet":"max-snippet:-1","max-image-preview":"max-image-preview:large","max-video-preview":"max-video-preview:-1"},"canonical":"https:\/\/m3caravaning.com\/ca\/autocaravanes\/viatjar-amb-lautocaravana-knaus-live-wave-650-mx\/","og_locale":"ca_ES","og_type":"article","og_title":"Viatjar amb l'autocaravana Knaus Live Wave 650 MX - Autocaravanas, caravanas y furgonetas campers nuevas, ocasi\u00f3n y segunda mano","og_description":"Cada vegada tenim m\u00e9s a prop l&#8217;estiu, si vols fer-te amb una\u00a0caravana, autocaravana o furgoneta camper, \u00e9s el moment de triar i per poder viatjar sobre les 4 rodes. Avui et portem un model de la\u00a0marca Knaus, una de les marques d&#8217;autocaravanes\u00a0m\u00e9s conegudes del mercat. Aquest 2018, s&#8217;ha llan\u00e7at una versi\u00f3 molt especial de Knaus","og_url":"https:\/\/m3caravaning.com\/ca\/autocaravanes\/viatjar-amb-lautocaravana-knaus-live-wave-650-mx\/","og_site_name":"Autocaravanas, caravanas y furgonetas campers nuevas, ocasi\u00f3n y segunda mano","article_publisher":"https:\/\/www.facebook.com\/m3caravaning","article_published_time":"2018-05-29T09:36:22+00:00","article_modified_time":"2024-05-28T08:06:32+00:00","og_image":[{"width":1000,"height":450,"url":"https:\/\/m3caravaning.com\/wp-content\/uploads\/2021\/01\/viajar-con-la-autocaravana-knaus-live-wave-650-mx-id-166.jpg","type":"image\/jpeg"}],"author":"M3 Caravaning","twitter_card":"summary_large_image","twitter_creator":"@M3Caravaning","twitter_site":"@M3Caravaning","twitter_misc":{"Written by":"M3 Caravaning","Est. reading time":"2 minutes"},"schema":{"@context":"https:\/\/schema.org","@graph":[{"@type":"WebPage","@id":"https:\/\/m3caravaning.com\/ca\/autocaravanes\/viatjar-amb-lautocaravana-knaus-live-wave-650-mx\/","url":"https:\/\/m3caravaning.com\/ca\/autocaravanes\/viatjar-amb-lautocaravana-knaus-live-wave-650-mx\/","name":"Viatjar amb l'autocaravana Knaus Live Wave 650 MX - Autocaravanas, caravanas y furgonetas campers nuevas, ocasi\u00f3n y segunda mano","isPartOf":{"@id":"https:\/\/m3caravaning.com\/ca\/#website"},"primaryImageOfPage":{"@id":"https:\/\/m3caravaning.com\/ca\/autocaravanes\/viatjar-amb-lautocaravana-knaus-live-wave-650-mx\/#primaryimage"},"image":{"@id":"https:\/\/m3caravaning.com\/ca\/autocaravanes\/viatjar-amb-lautocaravana-knaus-live-wave-650-mx\/#primaryimage"},"thumbnailUrl":"https:\/\/m3caravaning.com\/wp-content\/uploads\/2021\/01\/viajar-con-la-autocaravana-knaus-live-wave-650-mx-id-166.jpg","datePublished":"2018-05-29T09:36:22+00:00","dateModified":"2024-05-28T08:06:32+00:00","author":{"@id":"https:\/\/m3caravaning.com\/ca\/#\/schema\/person\/10e5f1edce4be1f414d4bde1bcf0c65f"},"breadcrumb":{"@id":"https:\/\/m3caravaning.com\/ca\/autocaravanes\/viatjar-amb-lautocaravana-knaus-live-wave-650-mx\/#breadcrumb"},"inLanguage":"ca","potentialAction":[{"@type":"ReadAction","target":["https:\/\/m3caravaning.com\/ca\/autocaravanes\/viatjar-amb-lautocaravana-knaus-live-wave-650-mx\/"]}]},{"@type":"ImageObject","inLanguage":"ca","@id":"https:\/\/m3caravaning.com\/ca\/autocaravanes\/viatjar-amb-lautocaravana-knaus-live-wave-650-mx\/#primaryimage","url":"https:\/\/m3caravaning.com\/wp-content\/uploads\/2021\/01\/viajar-con-la-autocaravana-knaus-live-wave-650-mx-id-166.jpg","contentUrl":"https:\/\/m3caravaning.com\/wp-content\/uploads\/2021\/01\/viajar-con-la-autocaravana-knaus-live-wave-650-mx-id-166.jpg","width":1000,"height":450},{"@type":"BreadcrumbList","@id":"https:\/\/m3caravaning.com\/ca\/autocaravanes\/viatjar-amb-lautocaravana-knaus-live-wave-650-mx\/#breadcrumb","itemListElement":[{"@type":"ListItem","position":1,"name":"Portada","item":"https:\/\/m3caravaning.com\/ca\/"},{"@type":"ListItem","position":2,"name":"Viatjar amb l&#8217;autocaravana Knaus Live Wave 650 MX"}]},{"@type":"WebSite","@id":"https:\/\/m3caravaning.com\/ca\/#website","url":"https:\/\/m3caravaning.com\/ca\/","name":"Autocaravanas, caravanas y furgonetas campers nuevas, ocasi\u00f3n y segunda mano","description":"Tu tienda de autocaravanas, campers y caravanas nuevas y de segunda mano. Alquiler, tienda de recambios, taller, seguros, etc.","potentialAction":[{"@type":"SearchAction","target":{"@type":"EntryPoint","urlTemplate":"https:\/\/m3caravaning.com\/ca\/?s={search_term_string}"},"query-input":"required name=search_term_string"}],"inLanguage":"ca"},{"@type":"Person","@id":"https:\/\/m3caravaning.com\/ca\/#\/schema\/person\/10e5f1edce4be1f414d4bde1bcf0c65f","name":"M3 Caravaning","image":{"@type":"ImageObject","inLanguage":"ca","@id":"https:\/\/m3caravaning.com\/ca\/#\/schema\/person\/image\/","url":"https:\/\/secure.gravatar.com\/avatar\/45cc9e7bfaa20654bd7626e499aa306a8db18ee338763b6b771e707ccbeef54c?s=96&d=mm&r=g","contentUrl":"https:\/\/secure.gravatar.com\/avatar\/45cc9e7bfaa20654bd7626e499aa306a8db18ee338763b6b771e707ccbeef54c?s=96&d=mm&r=g","caption":"M3 Caravaning"}}]}},"_links":{"self":[{"href":"https:\/\/m3caravaning.com\/ca\/wp-json\/wp\/v2\/posts\/10045","targetHints":{"allow":["GET"]}}],"collection":[{"href":"https:\/\/m3caravaning.com\/ca\/wp-json\/wp\/v2\/posts"}],"about":[{"href":"https:\/\/m3caravaning.com\/ca\/wp-json\/wp\/v2\/types\/post"}],"author":[{"embeddable":true,"href":"https:\/\/m3caravaning.com\/ca\/wp-json\/wp\/v2\/users\/2"}],"replies":[{"embeddable":true,"href":"https:\/\/m3caravaning.com\/ca\/wp-json\/wp\/v2\/comments?post=10045"}],"version-history":[{"count":2,"href":"https:\/\/m3caravaning.com\/ca\/wp-json\/wp\/v2\/posts\/10045\/revisions"}],"predecessor-version":[{"id":619673,"href":"https:\/\/m3caravaning.com\/ca\/wp-json\/wp\/v2\/posts\/10045\/revisions\/619673"}],"wp:featuredmedia":[{"embeddable":true,"href":"https:\/\/m3caravaning.com\/ca\/wp-json\/wp\/v2\/media\/815"}],"wp:attachment":[{"href":"https:\/\/m3caravaning.com\/ca\/wp-json\/wp\/v2\/media?parent=10045"}],"wp:term":[{"taxonomy":"category","embeddable":true,"href":"https:\/\/m3caravaning.com\/ca\/wp-json\/wp\/v2\/categories?post=10045"},{"taxonomy":"post_tag","embeddable":true,"href":"https:\/\/m3caravaning.com\/ca\/wp-json\/wp\/v2\/tags?post=10045"}],"curies":[{"name":"wp","href":"https:\/\/api.w.org\/{rel}","templated":true}]}}